{"id":9394,"date":"2026-04-30T12:13:44","date_gmt":"2026-04-30T12:13:44","guid":{"rendered":"https:\/\/www.ltur.com\/de\/blog\/?p=9394"},"modified":"2026-04-30T12:14:11","modified_gmt":"2026-04-30T12:14:11","slug":"hotels-auf-mallorca-unsere-empfehlungen-nach-8-tagen-insel-feeling","status":"publish","type":"post","link":"https:\/\/www.ltur.com\/de\/blog\/hotels-auf-mallorca-unsere-empfehlungen-nach-8-tagen-insel-feeling\/","title":{"rendered":"Hotels auf Mallorca: Unsere Empfehlungen nach 8 Tagen Insel\u2011Feeling"},"content":{"rendered":"<div id=\"bsf_rt_marker\"><\/div>\t\t<div data-elementor-type=\"wp-post\" data-elementor-id=\"9394\" class=\"elementor elementor-9394\" data-elementor-post-type=\"post\">\n\t\t\t\t<div class=\"elementor-element elementor-element-421924e e-con-full e-flex e-con e-parent\" data-id=\"421924e\" data-element_type=\"container\">\n\t\t\t\t<div class=\"elementor-element elementor-element-e68f8b6 elementor-widget elementor-widget-text-editor\" data-id=\"e68f8b6\" data-element_type=\"widget\" data-widget_type=\"text-editor.default\">\n\t\t\t\t<div class=\"elementor-widget-container\">\n\t\t\t\t\t\t\t\t\t<p>Mallorca ist weit mehr als nur Sonne, Strand und Sangr\u00eda. Die Insel ist unglaublich vielseitig und genauso vielseitig ist auch die Hotelauswahl.\u00a0<br \/>Im April haben Moni und ich acht Tage auf Mallorca verbracht und dabei ganz bewusst drei sehr unterschiedliche Hotels getestet, um herauszufinden, welche Hotels auf Mallorca sich f\u00fcr welche Reisenden wirklich eignen.<\/p><p>Unser Eindruck: Hier ist f\u00fcr jeden ein passendes Hotel dabei und Mallorca im Fr\u00fchling ist perfekt. Angenehme Temperaturen, wenig Trubel und ideale Bedingungen, um nicht nur im Hotel zu bleiben, sondern die Insel zu entdecken.<\/p>\t\t\t\t\t\t\t\t<\/div>\n\t\t\t\t<\/div>\n\t\t\t\t<\/div>\n\t\t<div class=\"elementor-element elementor-element-0f2e504 e-con-full e-flex e-con e-parent\" data-id=\"0f2e504\" data-element_type=\"container\">\n\t\t\t\t<div class=\"elementor-element elementor-element-b1726fe elementor-widget elementor-widget-heading\" data-id=\"b1726fe\" data-element_type=\"widget\" data-widget_type=\"heading.default\">\n\t\t\t\t<div class=\"elementor-widget-container\">\n\t\t\t\t\t<h2 class=\"elementor-heading-title elementor-size-default\">Hotel 1: Zafiro Palace Palmanova &amp; Spa \u2013 Luxus trifft Lage<\/h2>\t\t\t\t<\/div>\n\t\t\t\t<\/div>\n\t\t\t\t<div class=\"elementor-element elementor-element-7e862ff elementor-skin-carousel elementor-arrows-yes elementor-pagination-type-bullets elementor-pagination-position-outside elementor-widget elementor-widget-media-carousel\" data-id=\"7e862ff\" data-element_type=\"widget\" data-settings=\"{&quot;skin&quot;:&quot;carousel&quot;,&quot;effect&quot;:&quot;slide&quot;,&quot;show_arrows&quot;:&quot;yes&quot;,&quot;pagination&quot;:&quot;bullets&quot;,&quot;speed&quot;:500,&quot;autoplay&quot;:&quot;yes&quot;,&quot;autoplay_speed&quot;:5000,&quot;loop&quot;:&quot;yes&quot;,&quot;pause_on_hover&quot;:&quot;yes&quot;,&quot;pause_on_interaction&quot;:&quot;yes&quot;,&quot;space_between&quot;:{&quot;unit&quot;:&quot;px&quot;,&quot;size&quot;:10,&quot;sizes&quot;:[]},&quot;space_between_tablet&quot;:{&quot;unit&quot;:&quot;px&quot;,&quot;size&quot;:10,&quot;sizes&quot;:[]},&quot;space_between_mobile&quot;:{&quot;unit&quot;:&quot;px&quot;,&quot;size&quot;:10,&quot;sizes&quot;:[]}}\" data-widget_type=\"media-carousel.default\">\n\t\t\t\t<div class=\"elementor-widget-container\">\n\t\t\t\t\t\t\t\t\t<div class=\"elementor-swiper\">\n\t\t\t\t\t<div class=\"elementor-main-swiper swiper\" role=\"region\" aria-roledescription=\"carousel\" aria-label=\"Slider\">\n\t\t\t\t<div class=\"swiper-wrapper\">\n\t\t\t\t\t\t\t\t\t\t\t<div class=\"swiper-slide\" role=\"group\" aria-roledescription=\"slide\">\n\t\t\t\t\t\t\t\t\t<div class=\"elementor-carousel-image\" role=\"img\" aria-label=\"Restaurant mit eingedeckten Tischen im Zafiro Palmanova\" style=\"background-image: url(&#039;https:\/\/www.ltur.com\/de\/blog\/wp-content\/uploads\/2026\/04\/6-1.webp&#039;)\">\n\n\t\t\t\n\t\t\t\t\t<\/div>\n\t\t\t\t\t\t\t\t<\/div>\n\t\t\t\t\t\t\t\t\t\t\t<div class=\"swiper-slide\" role=\"group\" aria-roledescription=\"slide\">\n\t\t\t\t\t\t\t\t\t<div class=\"elementor-carousel-image\" role=\"img\" aria-label=\"Gesamtansicht vom Hotel Zafiro Palmanova\" style=\"background-image: url(&#039;https:\/\/www.ltur.com\/de\/blog\/wp-content\/uploads\/2026\/04\/5-1.webp&#039;)\">\n\n\t\t\t\n\t\t\t\t\t<\/div>\n\t\t\t\t\t\t\t\t<\/div>\n\t\t\t\t\t\t\t\t\t\t\t<div class=\"swiper-slide\" role=\"group\" aria-roledescription=\"slide\">\n\t\t\t\t\t\t\t\t\t<div class=\"elementor-carousel-image\" role=\"img\" aria-label=\"Hotelzimmer mit Bett, Tisch und Fernseher im Zafiro Palmanova\" style=\"background-image: url(&#039;https:\/\/www.ltur.com\/de\/blog\/wp-content\/uploads\/2026\/04\/1-1.webp&#039;)\">\n\n\t\t\t\n\t\t\t\t\t<\/div>\n\t\t\t\t\t\t\t\t<\/div>\n\t\t\t\t\t\t\t\t\t\t\t<div class=\"swiper-slide\" role=\"group\" aria-roledescription=\"slide\">\n\t\t\t\t\t\t\t\t\t<div class=\"elementor-carousel-image\" role=\"img\" aria-label=\"Hotelbar mit Hohen Decken und Kunst an der Wand im Zafiro Palmanova\" style=\"background-image: url(&#039;https:\/\/www.ltur.com\/de\/blog\/wp-content\/uploads\/2026\/04\/3-1.webp&#039;)\">\n\n\t\t\t\n\t\t\t\t\t<\/div>\n\t\t\t\t\t\t\t\t<\/div>\n\t\t\t\t\t\t\t\t\t\t\t<div class=\"swiper-slide\" role=\"group\" aria-roledescription=\"slide\">\n\t\t\t\t\t\t\t\t\t<div class=\"elementor-carousel-image\" role=\"img\" aria-label=\"Zafiro Palmanova_5\" style=\"background-image: url(&#039;https:\/\/www.ltur.com\/de\/blog\/wp-content\/uploads\/2026\/04\/4-1.webp&#039;)\">\n\n\t\t\t\n\t\t\t\t\t<\/div>\n\t\t\t\t\t\t\t\t<\/div>\n\t\t\t\t\t\t\t\t\t<\/div>\n\t\t\t\t\t\t\t\t\t\t\t\t\t\t\t<div class=\"elementor-swiper-button elementor-swiper-button-prev\" role=\"button\" tabindex=\"0\" aria-label=\"Voriger\">\n\t\t\t\t\t\t\t<svg aria-hidden=\"true\" class=\"e-font-icon-svg e-eicon-chevron-left\" viewBox=\"0 0 1000 1000\" xmlns=\"http:\/\/www.w3.org\/2000\/svg\"><path d=\"M646 125C629 125 613 133 604 142L308 442C296 454 292 471 292 487 292 504 296 521 308 533L604 854C617 867 629 875 646 875 663 875 679 871 692 858 704 846 713 829 713 812 713 796 708 779 692 767L438 487 692 225C700 217 708 204 708 187 708 171 704 154 692 142 675 129 663 125 646 125Z\"><\/path><\/svg>\t\t\t\t\t\t<\/div>\n\t\t\t\t\t\t<div class=\"elementor-swiper-button elementor-swiper-button-next\" role=\"button\" tabindex=\"0\" aria-label=\"N\u00e4chster\">\n\t\t\t\t\t\t\t<svg aria-hidden=\"true\" class=\"e-font-icon-svg e-eicon-chevron-right\" viewBox=\"0 0 1000 1000\" xmlns=\"http:\/\/www.w3.org\/2000\/svg\"><path d=\"M696 533C708 521 713 504 713 487 713 471 708 454 696 446L400 146C388 133 375 125 354 125 338 125 325 129 313 142 300 154 292 171 292 187 292 204 296 221 308 233L563 492 304 771C292 783 288 800 288 817 288 833 296 850 308 863 321 871 338 875 354 875 371 875 388 867 400 854L696 533Z\"><\/path><\/svg>\t\t\t\t\t\t<\/div>\n\t\t\t\t\t\t\t\t\t\t\t\t\t\t\t\t<div class=\"swiper-pagination\"><\/div>\n\t\t\t\t\t\t\t\t\t\t\t\t<\/div>\n\t\t\t\t<\/div>\n\t\t\t\t\t\t\t\t<\/div>\n\t\t\t\t<\/div>\n\t\t\t\t<div class=\"elementor-element elementor-element-d5c8366 elementor-widget elementor-widget-text-editor\" data-id=\"d5c8366\" data-element_type=\"widget\" data-widget_type=\"text-editor.default\">\n\t\t\t\t<div class=\"elementor-widget-container\">\n\t\t\t\t\t\t\t\t\t<p>Unser erstes Hotel war das Zafiro Palace Palmanova &amp; Spa.<br \/>Schon beim Ankommen wird klar: Das Zafiro Palace Palmanova &amp; Spa geh\u00f6rt zu den Hotels auf Mallorca, bei denen einfach alles zusammenpasst. Die Anlage ist sehr gro\u00dfz\u00fcgig gestaltet, mit einer riesigen Poollandschaft, die sich harmonisch in einen gro\u00dfen, gr\u00fcnen Garten einf\u00fcgt. Trotz der Gr\u00f6\u00dfe wirkt das Hotel nie \u00fcberlaufen oder laut \u2013 im Gegenteil, es f\u00fchlt sich sehr entspannt und hochwertig an.<\/p><p>Die Zimmer sind modern, hell und gro\u00df, genau das, was man sich von einem Hotel dieser Kategorie w\u00fcnscht. Ebenfalls gefallen hat uns auch der Spa\u2011Bereich, der perfekt ist, um zwischendurch bewusst zu entschleunigen. Kulinarisch wird im Hotel einiges geboten: Vier Restaurants sorgen f\u00fcr Abwechslung und machen es leicht, auch mehrere Abende im Hotel zu verbringen, ohne dass es langweilig wird.<\/p>\t\t\t\t\t\t\t\t<\/div>\n\t\t\t\t<\/div>\n\t\t\t\t<div class=\"elementor-element elementor-element-56fa18f elementor-widget elementor-widget-ltur_offer\" data-id=\"56fa18f\" data-element_type=\"widget\" data-widget_type=\"ltur_offer.default\">\n\t\t\t\t<div class=\"elementor-widget-container\">\n\t\t\t\t\t<embedded-hotel data-url=\"https:\/\/www.ltur.com\/de\/urlaub\/zafiro-palace-palmanova-spa-665276?adults=2&#038;duration=10608&#038;page=0&#038;size=10&#038;sorting=price\" fallback-url=\"\" image-link=\"\"><\/embedded-hotel>\t\t\t\t<\/div>\n\t\t\t\t<\/div>\n\t\t\t\t<div class=\"elementor-element elementor-element-ad79622 elementor-widget elementor-widget-heading\" data-id=\"ad79622\" data-element_type=\"widget\" data-widget_type=\"heading.default\">\n\t\t\t\t<div class=\"elementor-widget-container\">\n\t\t\t\t\t<h3 class=\"elementor-heading-title elementor-size-default\">Was kann man rund um Palmanova unternehmen?<\/h3>\t\t\t\t<\/div>\n\t\t\t\t<\/div>\n\t\t\t\t<div class=\"elementor-element elementor-element-594aa78 elementor-widget elementor-widget-image\" data-id=\"594aa78\" data-element_type=\"widget\" data-widget_type=\"image.default\">\n\t\t\t\t<div class=\"elementor-widget-container\">\n\t\t\t\t\t\t\t\t\t\t\t\t\t\t\t<img fetchpriority=\"high\" decoding=\"async\" width=\"800\" height=\"671\" src=\"https:\/\/www.ltur.com\/de\/blog\/wp-content\/uploads\/2026\/04\/3-2.webp\" class=\"attachment-large size-large wp-image-9448\" alt=\"\" srcset=\"https:\/\/www.ltur.com\/de\/blog\/wp-content\/uploads\/2026\/04\/3-2.webp 940w, https:\/\/www.ltur.com\/de\/blog\/wp-content\/uploads\/2026\/04\/3-2-300x251.webp 300w, https:\/\/www.ltur.com\/de\/blog\/wp-content\/uploads\/2026\/04\/3-2-768x644.webp 768w\" sizes=\"(max-width: 800px) 100vw, 800px\" \/>\t\t\t\t\t\t\t\t\t\t\t\t\t\t\t<\/div>\n\t\t\t\t<\/div>\n\t\t\t\t<div class=\"elementor-element elementor-element-d485317 elementor-widget elementor-widget-text-editor\" data-id=\"d485317\" data-element_type=\"widget\" data-widget_type=\"text-editor.default\">\n\t\t\t\t<div class=\"elementor-widget-container\">\n\t\t\t\t\t\t\t\t\t<p>Die Lage des Hotels ist ideal, um Mallorca zu erkunden. Direkt an der Strandpromenade befinden sich kleine L\u00e4den und Caf\u00e9s, die sich perfekt f\u00fcr einen gem\u00fctlichen Abendspaziergang eignen. Von hier aus haben wir mehrere Ausfl\u00fcge gemacht: Ein Tagestrip nach Port Andratx hat uns besonders gefallen, genauso wie ein Abendessen im <a href=\"https:\/\/illeta.com\/\" target=\"_blank\">Restaurant Illeta<\/a>, das wir absolut empfehlen k\u00f6nnen. Es ist zwar etwas hochpreisiger, aber die Lage und der Ausblick sind einfach atemberaubend!<\/p><p>Ein weiteres Highlight war unser Ausflug in die Bergd\u00f6rfer Valldemossa, S\u00f3ller und Dei\u00e0 \u2013 alle in etwa 30 Minuten mit dem Auto erreichbar. Auch Palma liegt nur rund eine halbe Stunde entfernt und eignet sich wunderbar f\u00fcr einen Abendbummel durch die Altstadt oder einen Restaurantbesuch.<\/p><p><strong>Unser Fazit:<\/strong><br \/>Ein ideales Hotel auf Mallorca f\u00fcr alle, die Komfort, eine gute Lage und Vielseitigkeit suchen \u2013 egal ob als Paar, Familie oder mit Freunden.<\/p>\t\t\t\t\t\t\t\t<\/div>\n\t\t\t\t<\/div>\n\t\t\t\t<\/div>\n\t\t<div class=\"elementor-element elementor-element-11a8536 e-con-full e-flex e-con e-parent\" data-id=\"11a8536\" data-element_type=\"container\">\n\t\t\t\t<div class=\"elementor-element elementor-element-ec9380d elementor-widget elementor-widget-heading\" data-id=\"ec9380d\" data-element_type=\"widget\" data-widget_type=\"heading.default\">\n\t\t\t\t<div class=\"elementor-widget-container\">\n\t\t\t\t\t<h2 class=\"elementor-heading-title elementor-size-default\">Hotel 2: Mar Azul Pur Estil Hotel &amp; Spa \u2013 Ruhe pur im Adults\u2011only\u2011Hotel<\/h2>\t\t\t\t<\/div>\n\t\t\t\t<\/div>\n\t\t\t\t<div class=\"elementor-element elementor-element-c052bda elementor-skin-carousel elementor-arrows-yes elementor-pagination-type-bullets elementor-pagination-position-outside elementor-widget elementor-widget-media-carousel\" data-id=\"c052bda\" data-element_type=\"widget\" data-settings=\"{&quot;skin&quot;:&quot;carousel&quot;,&quot;effect&quot;:&quot;slide&quot;,&quot;show_arrows&quot;:&quot;yes&quot;,&quot;pagination&quot;:&quot;bullets&quot;,&quot;speed&quot;:500,&quot;autoplay&quot;:&quot;yes&quot;,&quot;autoplay_speed&quot;:5000,&quot;loop&quot;:&quot;yes&quot;,&quot;pause_on_hover&quot;:&quot;yes&quot;,&quot;pause_on_interaction&quot;:&quot;yes&quot;,&quot;space_between&quot;:{&quot;unit&quot;:&quot;px&quot;,&quot;size&quot;:10,&quot;sizes&quot;:[]},&quot;space_between_tablet&quot;:{&quot;unit&quot;:&quot;px&quot;,&quot;size&quot;:10,&quot;sizes&quot;:[]},&quot;space_between_mobile&quot;:{&quot;unit&quot;:&quot;px&quot;,&quot;size&quot;:10,&quot;sizes&quot;:[]}}\" data-widget_type=\"media-carousel.default\">\n\t\t\t\t<div class=\"elementor-widget-container\">\n\t\t\t\t\t\t\t\t\t<div class=\"elementor-swiper\">\n\t\t\t\t\t<div class=\"elementor-main-swiper swiper\" role=\"region\" aria-roledescription=\"carousel\" aria-label=\"Slider\">\n\t\t\t\t<div class=\"swiper-wrapper\">\n\t\t\t\t\t\t\t\t\t\t\t<div class=\"swiper-slide\" role=\"group\" aria-roledescription=\"slide\">\n\t\t\t\t\t\t\t\t\t<div class=\"elementor-carousel-image\" role=\"img\" aria-label=\"Pool mit Liegen im Mar Azul, Meer im Hintergrund\" style=\"background-image: url(&#039;https:\/\/www.ltur.com\/de\/blog\/wp-content\/uploads\/2026\/04\/1.webp&#039;)\">\n\n\t\t\t\n\t\t\t\t\t<\/div>\n\t\t\t\t\t\t\t\t<\/div>\n\t\t\t\t\t\t\t\t\t\t\t<div class=\"swiper-slide\" role=\"group\" aria-roledescription=\"slide\">\n\t\t\t\t\t\t\t\t\t<div class=\"elementor-carousel-image\" role=\"img\" aria-label=\"Hotelzimmer mit Bett und Meerblick im Mar Azul\" style=\"background-image: url(&#039;https:\/\/www.ltur.com\/de\/blog\/wp-content\/uploads\/2026\/04\/2.webp&#039;)\">\n\n\t\t\t\n\t\t\t\t\t<\/div>\n\t\t\t\t\t\t\t\t<\/div>\n\t\t\t\t\t\t\t\t\t\t\t<div class=\"swiper-slide\" role=\"group\" aria-roledescription=\"slide\">\n\t\t\t\t\t\t\t\t\t<div class=\"elementor-carousel-image\" role=\"img\" aria-label=\"Mar Azul_3\" style=\"background-image: url(&#039;https:\/\/www.ltur.com\/de\/blog\/wp-content\/uploads\/2026\/04\/4.webp&#039;)\">\n\n\t\t\t\n\t\t\t\t\t<\/div>\n\t\t\t\t\t\t\t\t<\/div>\n\t\t\t\t\t\t\t\t\t\t\t<div class=\"swiper-slide\" role=\"group\" aria-roledescription=\"slide\">\n\t\t\t\t\t\t\t\t\t<div class=\"elementor-carousel-image\" role=\"img\" aria-label=\"Restaurant mit eingedeckten Tischen und Meerblick im Mar Azul Hotel\" style=\"background-image: url(&#039;https:\/\/www.ltur.com\/de\/blog\/wp-content\/uploads\/2026\/04\/3.webp&#039;)\">\n\n\t\t\t\n\t\t\t\t\t<\/div>\n\t\t\t\t\t\t\t\t<\/div>\n\t\t\t\t\t\t\t\t\t<\/div>\n\t\t\t\t\t\t\t\t\t\t\t\t\t\t\t<div class=\"elementor-swiper-button elementor-swiper-button-prev\" role=\"button\" tabindex=\"0\" aria-label=\"Voriger\">\n\t\t\t\t\t\t\t<svg aria-hidden=\"true\" class=\"e-font-icon-svg e-eicon-chevron-left\" viewBox=\"0 0 1000 1000\" xmlns=\"http:\/\/www.w3.org\/2000\/svg\"><path d=\"M646 125C629 125 613 133 604 142L308 442C296 454 292 471 292 487 292 504 296 521 308 533L604 854C617 867 629 875 646 875 663 875 679 871 692 858 704 846 713 829 713 812 713 796 708 779 692 767L438 487 692 225C700 217 708 204 708 187 708 171 704 154 692 142 675 129 663 125 646 125Z\"><\/path><\/svg>\t\t\t\t\t\t<\/div>\n\t\t\t\t\t\t<div class=\"elementor-swiper-button elementor-swiper-button-next\" role=\"button\" tabindex=\"0\" aria-label=\"N\u00e4chster\">\n\t\t\t\t\t\t\t<svg aria-hidden=\"true\" class=\"e-font-icon-svg e-eicon-chevron-right\" viewBox=\"0 0 1000 1000\" xmlns=\"http:\/\/www.w3.org\/2000\/svg\"><path d=\"M696 533C708 521 713 504 713 487 713 471 708 454 696 446L400 146C388 133 375 125 354 125 338 125 325 129 313 142 300 154 292 171 292 187 292 204 296 221 308 233L563 492 304 771C292 783 288 800 288 817 288 833 296 850 308 863 321 871 338 875 354 875 371 875 388 867 400 854L696 533Z\"><\/path><\/svg>\t\t\t\t\t\t<\/div>\n\t\t\t\t\t\t\t\t\t\t\t\t\t\t\t\t<div class=\"swiper-pagination\"><\/div>\n\t\t\t\t\t\t\t\t\t\t\t\t<\/div>\n\t\t\t\t<\/div>\n\t\t\t\t\t\t\t\t<\/div>\n\t\t\t\t<\/div>\n\t\t\t\t<div class=\"elementor-element elementor-element-8a3016a elementor-widget elementor-widget-text-editor\" data-id=\"8a3016a\" data-element_type=\"widget\" data-widget_type=\"text-editor.default\">\n\t\t\t\t<div class=\"elementor-widget-container\">\n\t\t\t\t\t\t\t\t\t<p>Als Kontrast zum ersten Hotel haben wir uns anschlie\u00dfend f\u00fcr ein Adults\u2011only\u2011Hotel entschieden: Das Mar Azul Pur Estil in Cala Ratjada ist klein, ruhig und sehr liebevoll gef\u00fchrt. Schon nach kurzer Zeit merkt man, dass hier viel Wert auf Qualit\u00e4t und pers\u00f6nlichen Service gelegt wird. Die Zimmer sind modern, stilvoll und sehr gem\u00fctlich \u2013 perfekt f\u00fcr ein paar entspannte Tage zu zweit.<\/p><p>Besonders begeistert hat uns die Lage. Das Hotel liegt direkt an einer wundersch\u00f6nen Bucht und gleichzeitig fernab vom Trubel, bietet aber dennoch die M\u00f6glichkeit, das Zentrum von Cala Ratjada bei einem Spaziergang zu erreichen. Das Essen in diesem Hotel war f\u00fcr uns ein echtes Highlight. Sowohl das Fr\u00fchst\u00fcck als auch das Abendessen waren au\u00dfergew\u00f6hnlich gut, und auch die Drinks am Pool waren superlecker. Wer Lust auf etwas Bewegung hat, kann im Nachbarhotel sogar Tennis spielen.<\/p>\t\t\t\t\t\t\t\t<\/div>\n\t\t\t\t<\/div>\n\t\t\t\t<div class=\"elementor-element elementor-element-5638102 elementor-widget elementor-widget-ltur_offer\" data-id=\"5638102\" data-element_type=\"widget\" data-widget_type=\"ltur_offer.default\">\n\t\t\t\t<div class=\"elementor-widget-container\">\n\t\t\t\t\t<embedded-hotel data-url=\"https:\/\/www.ltur.com\/de\/urlaub\/mar-azul-pur-estil-hotel-spa-16787?adults=2&#038;duration=10608&#038;page=0&#038;size=10&#038;sorting=price\" fallback-url=\"\" image-link=\"\"><\/embedded-hotel>\t\t\t\t<\/div>\n\t\t\t\t<\/div>\n\t\t\t\t<div class=\"elementor-element elementor-element-4e190aa elementor-widget elementor-widget-heading\" data-id=\"4e190aa\" data-element_type=\"widget\" data-widget_type=\"heading.default\">\n\t\t\t\t<div class=\"elementor-widget-container\">\n\t\t\t\t\t<h3 class=\"elementor-heading-title elementor-size-default\">Str\u00e4nde &amp; Ausfl\u00fcge rund um Cala Ratjada<\/h3>\t\t\t\t<\/div>\n\t\t\t\t<\/div>\n\t\t\t\t<div class=\"elementor-element elementor-element-f6fa273 elementor-widget elementor-widget-image\" data-id=\"f6fa273\" data-element_type=\"widget\" data-widget_type=\"image.default\">\n\t\t\t\t<div class=\"elementor-widget-container\">\n\t\t\t\t\t\t\t\t\t\t\t\t\t\t\t<img decoding=\"async\" width=\"800\" height=\"671\" src=\"https:\/\/www.ltur.com\/de\/blog\/wp-content\/uploads\/2026\/04\/2-2.webp\" class=\"attachment-large size-large wp-image-9449\" alt=\"\" srcset=\"https:\/\/www.ltur.com\/de\/blog\/wp-content\/uploads\/2026\/04\/2-2.webp 940w, https:\/\/www.ltur.com\/de\/blog\/wp-content\/uploads\/2026\/04\/2-2-300x251.webp 300w, https:\/\/www.ltur.com\/de\/blog\/wp-content\/uploads\/2026\/04\/2-2-768x644.webp 768w\" sizes=\"(max-width: 800px) 100vw, 800px\" \/>\t\t\t\t\t\t\t\t\t\t\t\t\t\t\t<\/div>\n\t\t\t\t<\/div>\n\t\t\t\t<div class=\"elementor-element elementor-element-c87db5f elementor-widget elementor-widget-text-editor\" data-id=\"c87db5f\" data-element_type=\"widget\" data-widget_type=\"text-editor.default\">\n\t\t\t\t<div class=\"elementor-widget-container\">\n\t\t\t\t\t\t\t\t\t<p>Direkt neben dem Hotel befindet sich die Cala Agulla, eine der sch\u00f6nsten Buchten der Region. Noch besser gefiel uns allerdings ein kleiner Spaziergang weiter zur Cala Molt\u00f3. Diese kleine, etwas abgelegenere Bucht ist unser pers\u00f6nlicher Geheimtipp \u2013 ruhiger, nat\u00fcrlicher und einfach wundersch\u00f6n.<\/p><p>Cala Ratjada selbst eignet sich hervorragend f\u00fcr gem\u00fctliche Abendspazierg\u00e4nge, kleine Bars und Restaurants. In der Hochsaison findet hier auch die ein oder andere Party statt.<\/p><p><strong>Unser Fazit:<\/strong><br \/>Eines der sch\u00f6nsten Adults\u2011only Hotels auf Mallorca, ideal f\u00fcr Paare, die Ruhe, Genuss und eine besondere Lage suchen.<\/p>\t\t\t\t\t\t\t\t<\/div>\n\t\t\t\t<\/div>\n\t\t\t\t<\/div>\n\t\t<div class=\"elementor-element elementor-element-5cd2eb0 e-con-full e-flex e-con e-parent\" data-id=\"5cd2eb0\" data-element_type=\"container\">\n\t\t\t\t<div class=\"elementor-element elementor-element-62eb448 elementor-widget elementor-widget-heading\" data-id=\"62eb448\" data-element_type=\"widget\" data-widget_type=\"heading.default\">\n\t\t\t\t<div class=\"elementor-widget-container\">\n\t\t\t\t\t<h2 class=\"elementor-heading-title elementor-size-default\">Hotel 3: Blau Punta Reina \u2013 Familienurlaub mit spektakul\u00e4rer Lage<\/h2>\t\t\t\t<\/div>\n\t\t\t\t<\/div>\n\t\t\t\t<div class=\"elementor-element elementor-element-fb993dc elementor-skin-carousel elementor-arrows-yes elementor-pagination-type-bullets elementor-pagination-position-outside elementor-widget elementor-widget-media-carousel\" data-id=\"fb993dc\" data-element_type=\"widget\" data-settings=\"{&quot;skin&quot;:&quot;carousel&quot;,&quot;effect&quot;:&quot;slide&quot;,&quot;show_arrows&quot;:&quot;yes&quot;,&quot;pagination&quot;:&quot;bullets&quot;,&quot;speed&quot;:500,&quot;autoplay&quot;:&quot;yes&quot;,&quot;autoplay_speed&quot;:5000,&quot;loop&quot;:&quot;yes&quot;,&quot;pause_on_hover&quot;:&quot;yes&quot;,&quot;pause_on_interaction&quot;:&quot;yes&quot;,&quot;space_between&quot;:{&quot;unit&quot;:&quot;px&quot;,&quot;size&quot;:10,&quot;sizes&quot;:[]},&quot;space_between_tablet&quot;:{&quot;unit&quot;:&quot;px&quot;,&quot;size&quot;:10,&quot;sizes&quot;:[]},&quot;space_between_mobile&quot;:{&quot;unit&quot;:&quot;px&quot;,&quot;size&quot;:10,&quot;sizes&quot;:[]}}\" data-widget_type=\"media-carousel.default\">\n\t\t\t\t<div class=\"elementor-widget-container\">\n\t\t\t\t\t\t\t\t\t<div class=\"elementor-swiper\">\n\t\t\t\t\t<div class=\"elementor-main-swiper swiper\" role=\"region\" aria-roledescription=\"carousel\" aria-label=\"Slider\">\n\t\t\t\t<div class=\"swiper-wrapper\">\n\t\t\t\t\t\t\t\t\t\t\t<div class=\"swiper-slide\" role=\"group\" aria-roledescription=\"slide\">\n\t\t\t\t\t\t\t\t\t<div class=\"elementor-carousel-image\" role=\"img\" aria-label=\"Pool mit Liegen im Blau Punta Reina Hotel\" style=\"background-image: url(&#039;https:\/\/www.ltur.com\/de\/blog\/wp-content\/uploads\/2026\/04\/04dd98dd-48d2-43cb-ab2e-aa3ebde33122.webp&#039;)\">\n\n\t\t\t\n\t\t\t\t\t<\/div>\n\t\t\t\t\t\t\t\t<\/div>\n\t\t\t\t\t\t\t\t\t\t\t<div class=\"swiper-slide\" role=\"group\" aria-roledescription=\"slide\">\n\t\t\t\t\t\t\t\t\t<div class=\"elementor-carousel-image\" role=\"img\" aria-label=\"Wasserrutschenpark mit drei Rutschen\" style=\"background-image: url(&#039;https:\/\/www.ltur.com\/de\/blog\/wp-content\/uploads\/2026\/04\/24ef2882-b17f-4124-9a5b-bba1e373f861.webp&#039;)\">\n\n\t\t\t\n\t\t\t\t\t<\/div>\n\t\t\t\t\t\t\t\t<\/div>\n\t\t\t\t\t\t\t\t\t\t\t<div class=\"swiper-slide\" role=\"group\" aria-roledescription=\"slide\">\n\t\t\t\t\t\t\t\t\t<div class=\"elementor-carousel-image\" role=\"img\" aria-label=\"Hotelzimmer mit Bett im Blau Punta Reina\" style=\"background-image: url(&#039;https:\/\/www.ltur.com\/de\/blog\/wp-content\/uploads\/2026\/04\/2cc06fad-f415-4f55-910b-60870cb94e99.webp&#039;)\">\n\n\t\t\t\n\t\t\t\t\t<\/div>\n\t\t\t\t\t\t\t\t<\/div>\n\t\t\t\t\t\t\t\t\t\t\t<div class=\"swiper-slide\" role=\"group\" aria-roledescription=\"slide\">\n\t\t\t\t\t\t\t\t\t<div class=\"elementor-carousel-image\" role=\"img\" aria-label=\"Blau Punta Reina_2\" style=\"background-image: url(&#039;https:\/\/www.ltur.com\/de\/blog\/wp-content\/uploads\/2026\/04\/a2c158a2-0e89-4b25-ad39-1ebc077100b5-1.webp&#039;)\">\n\n\t\t\t\n\t\t\t\t\t<\/div>\n\t\t\t\t\t\t\t\t<\/div>\n\t\t\t\t\t\t\t\t\t\t\t<div class=\"swiper-slide\" role=\"group\" aria-roledescription=\"slide\">\n\t\t\t\t\t\t\t\t\t<div class=\"elementor-carousel-image\" role=\"img\" aria-label=\"Buchten im Blau Punta Reina Hotel\" style=\"background-image: url(&#039;https:\/\/www.ltur.com\/de\/blog\/wp-content\/uploads\/2026\/04\/95cea8a5-b05c-428f-b2c6-97f20cd3f3d2.webp&#039;)\">\n\n\t\t\t\n\t\t\t\t\t<\/div>\n\t\t\t\t\t\t\t\t<\/div>\n\t\t\t\t\t\t\t\t\t\t\t<div class=\"swiper-slide\" role=\"group\" aria-roledescription=\"slide\">\n\t\t\t\t\t\t\t\t\t<div class=\"elementor-carousel-image\" role=\"img\" aria-label=\"Kinder- und Sportanlage im Blau Punta Reina Hotel aus der Luft fotografiert\" style=\"background-image: url(&#039;https:\/\/www.ltur.com\/de\/blog\/wp-content\/uploads\/2026\/04\/c8c7000d-092f-4782-ab3f-921e10a566bf.webp&#039;)\">\n\n\t\t\t\n\t\t\t\t\t<\/div>\n\t\t\t\t\t\t\t\t<\/div>\n\t\t\t\t\t\t\t\t\t<\/div>\n\t\t\t\t\t\t\t\t\t\t\t\t\t\t\t<div class=\"elementor-swiper-button elementor-swiper-button-prev\" role=\"button\" tabindex=\"0\" aria-label=\"Voriger\">\n\t\t\t\t\t\t\t<svg aria-hidden=\"true\" class=\"e-font-icon-svg e-eicon-chevron-left\" viewBox=\"0 0 1000 1000\" xmlns=\"http:\/\/www.w3.org\/2000\/svg\"><path d=\"M646 125C629 125 613 133 604 142L308 442C296 454 292 471 292 487 292 504 296 521 308 533L604 854C617 867 629 875 646 875 663 875 679 871 692 858 704 846 713 829 713 812 713 796 708 779 692 767L438 487 692 225C700 217 708 204 708 187 708 171 704 154 692 142 675 129 663 125 646 125Z\"><\/path><\/svg>\t\t\t\t\t\t<\/div>\n\t\t\t\t\t\t<div class=\"elementor-swiper-button elementor-swiper-button-next\" role=\"button\" tabindex=\"0\" aria-label=\"N\u00e4chster\">\n\t\t\t\t\t\t\t<svg aria-hidden=\"true\" class=\"e-font-icon-svg e-eicon-chevron-right\" viewBox=\"0 0 1000 1000\" xmlns=\"http:\/\/www.w3.org\/2000\/svg\"><path d=\"M696 533C708 521 713 504 713 487 713 471 708 454 696 446L400 146C388 133 375 125 354 125 338 125 325 129 313 142 300 154 292 171 292 187 292 204 296 221 308 233L563 492 304 771C292 783 288 800 288 817 288 833 296 850 308 863 321 871 338 875 354 875 371 875 388 867 400 854L696 533Z\"><\/path><\/svg>\t\t\t\t\t\t<\/div>\n\t\t\t\t\t\t\t\t\t\t\t\t\t\t\t\t<div class=\"swiper-pagination\"><\/div>\n\t\t\t\t\t\t\t\t\t\t\t\t<\/div>\n\t\t\t\t<\/div>\n\t\t\t\t\t\t\t\t<\/div>\n\t\t\t\t<\/div>\n\t\t\t\t<div class=\"elementor-element elementor-element-b0bbf52 elementor-widget elementor-widget-text-editor\" data-id=\"b0bbf52\" data-element_type=\"widget\" data-widget_type=\"text-editor.default\">\n\t\t\t\t<div class=\"elementor-widget-container\">\n\t\t\t\t\t\t\t\t\t<p>Zum Abschluss unserer Reise haben wir nochmal ein absolutes Kontrastprogramm getestet: Das Blau Punta Reina ist ein echtes Familienhotel und das merkt man schon beim Einchecken. Die Anlage ist sehr gro\u00df und besteht aus zahlreichen Bungalows, die sich \u00fcber das gesamte Gel\u00e4nde verteilen. Besonders beeindruckt hat uns die Lage: Das Hotel liegt auf einem Felsen zwischen zwei traumhaften Buchten \u2013 der Cala Romantica und der Cala Mandia.<\/p><p>Im Hotel selbst wird unglaublich viel geboten, vor allem f\u00fcr Familien. Mehrere Pools, eine gro\u00dfe Kids\u2011Area mit Wasserrutschenpark sowie ein umfangreiches Animations\u2011 und Abendprogramm sorgen daf\u00fcr, dass wirklich jede Altersgruppe auf ihre Kosten kommt.<\/p>\t\t\t\t\t\t\t\t<\/div>\n\t\t\t\t<\/div>\n\t\t\t\t<div class=\"elementor-element elementor-element-1bfd22f elementor-widget elementor-widget-ltur_offer\" data-id=\"1bfd22f\" data-element_type=\"widget\" data-widget_type=\"ltur_offer.default\">\n\t\t\t\t<div class=\"elementor-widget-container\">\n\t\t\t\t\t<embedded-hotel data-url=\"https:\/\/www.ltur.com\/de\/urlaub\/blau-punta-reina-3140?adults=2&#038;duration=10608&#038;page=0&#038;size=10\" fallback-url=\"\" image-link=\"\"><\/embedded-hotel>\t\t\t\t<\/div>\n\t\t\t\t<\/div>\n\t\t\t\t<div class=\"elementor-element elementor-element-c3b7b71 elementor-widget elementor-widget-heading\" data-id=\"c3b7b71\" data-element_type=\"widget\" data-widget_type=\"heading.default\">\n\t\t\t\t<div class=\"elementor-widget-container\">\n\t\t\t\t\t<h3 class=\"elementor-heading-title elementor-size-default\">Ausflugstipps rund um das Blau Punta Reina<\/h3>\t\t\t\t<\/div>\n\t\t\t\t<\/div>\n\t\t\t\t<div class=\"elementor-element elementor-element-4be8ddb elementor-widget elementor-widget-image\" data-id=\"4be8ddb\" data-element_type=\"widget\" data-widget_type=\"image.default\">\n\t\t\t\t<div class=\"elementor-widget-container\">\n\t\t\t\t\t\t\t\t\t\t\t\t\t\t\t<img decoding=\"async\" width=\"718\" height=\"1024\" src=\"https:\/\/www.ltur.com\/de\/blog\/wp-content\/uploads\/2026\/04\/Image-59.webp\" class=\"attachment-large size-large wp-image-9426\" alt=\"Cala Lomards Bucht auf Mallorca mit einer Blonden Frau mit Cowboy Hut\" srcset=\"https:\/\/www.ltur.com\/de\/blog\/wp-content\/uploads\/2026\/04\/Image-59.webp 718w, https:\/\/www.ltur.com\/de\/blog\/wp-content\/uploads\/2026\/04\/Image-59-210x300.webp 210w\" sizes=\"(max-width: 718px) 100vw, 718px\" \/>\t\t\t\t\t\t\t\t\t\t\t\t\t\t\t<\/div>\n\t\t\t\t<\/div>\n\t\t\t\t<div class=\"elementor-element elementor-element-8ef0a87 elementor-widget elementor-widget-text-editor\" data-id=\"8ef0a87\" data-element_type=\"widget\" data-widget_type=\"text-editor.default\">\n\t\t\t\t<div class=\"elementor-widget-container\">\n\t\t\t\t\t\t\t\t\t<p>Auch au\u00dferhalb des Hotels gibt es viel zu entdecken. Porto Cristo ist in etwa 20 Minuten erreichbar und lohnt sich f\u00fcr einen kurzen Abstecher. Besonders empfehlen m\u00f6chten wir einen Ausflug zur Cala Lombards, f\u00fcr uns eine der sch\u00f6nsten Buchten Mallorcas.<\/p><p>Ein weiteres Highlight war Santany\u00ed. Der Ort eignet sich perfekt zum Bummeln und Shoppen \u2013 unser Tipp: die <a href=\"https:\/\/www.instagram.com\/laperlarosasantanyi\/\" target=\"_blank\">Boutique La Perla Rosa.<\/a> Ebenfalls sehr sehenswert ist Cala d\u2019Or, vor allem der wundersch\u00f6ne Hafen, der zum Spazierengehen einl\u00e4dt.<\/p><p><strong>Unser Fazit:<\/strong><br \/>Ein perfektes Familienhotel auf Mallorca mit spektakul\u00e4rer Lage, viel Abwechslung und tollen Ausflugsm\u00f6glichkeiten.<\/p>\t\t\t\t\t\t\t\t<\/div>\n\t\t\t\t<\/div>\n\t\t\t\t<\/div>\n\t\t<div class=\"elementor-element elementor-element-f242f5d e-con-full e-flex e-con e-parent\" data-id=\"f242f5d\" data-element_type=\"container\">\n\t\t\t\t<div class=\"elementor-element elementor-element-da1316f elementor-widget elementor-widget-heading\" data-id=\"da1316f\" data-element_type=\"widget\" data-widget_type=\"heading.default\">\n\t\t\t\t<div class=\"elementor-widget-container\">\n\t\t\t\t\t<h2 class=\"elementor-heading-title elementor-size-default\">Wir kommen wieder!<\/h2>\t\t\t\t<\/div>\n\t\t\t\t<\/div>\n\t\t\t\t<div class=\"elementor-element elementor-element-769c902 elementor-widget elementor-widget-text-editor\" data-id=\"769c902\" data-element_type=\"widget\" data-widget_type=\"text-editor.default\">\n\t\t\t\t<div class=\"elementor-widget-container\">\n\t\t\t\t\t\t\t\t\t<p>Egal ob Luxusresort, Adults\u2011only\u2011Hotel oder Familienparadies \u2013 Mallorca bietet f\u00fcr jeden Reisetyp das richtige Hotel. Wir haben unsere acht Tage auf der Insel sehr genossen und werden dieses Jahr bestimmt noch einmal wieder kommen!\u00a0<\/p><p>Wenn bei unseren getesteten Hotels nicht f\u00fcr dich dabei war, haben wir hier noch ganz viele weitere Mallorca-Angebote:\u00a0<\/p>\t\t\t\t\t\t\t\t<\/div>\n\t\t\t\t<\/div>\n\t\t\t\t<div class=\"elementor-element elementor-element-b913cac elementor-widget elementor-widget-ltur_offer\" data-id=\"b913cac\" data-element_type=\"widget\" data-widget_type=\"ltur_offer.default\">\n\t\t\t\t<div class=\"elementor-widget-container\">\n\t\t\t\t\t<embedded-hotel data-url=\"https:\/\/www.ltur.com\/de\/urlaub\/spanien\/balearen\/mallorca?adults=2&#038;duration=10608&#038;hotelCategory=3&#038;options=1909&#038;page=0&#038;size=10&#038;sorting=price\" fallback-url=\"https:\/\/www.ltur.com\/de\/urlaub\/spanien\/balearen\/mallorca?adults=2&#038;duration=10608&#038;hotelCategory=3&#038;options=1909&#038;page=0&#038;size=10&#038;sorting=price\" image-link=\"https:\/\/gips.ltur.com\/gips\/scalr-webp\/387x169\/images.ltur.com\/images\/sonata_cms\/media\/t15_full\/0001\/03\/f5d70dbed009682c24f2d4b229ad3a67fb2e2f5c.jpeg\"><\/embedded-hotel>\t\t\t\t<\/div>\n\t\t\t\t<\/div>\n\t\t\t\t<\/div>\n\t\t\t\t<\/div>\n\t\t","protected":false},"excerpt":{"rendered":"<p>Mallorca ist weit mehr als nur Sonne, Strand und Sangr\u00eda. Die Insel ist unglaublich vielseitig und genauso vielseitig ist auch die Hotelauswahl.\u00a0Im April haben Moni und ich acht Tage auf Mallorca verbracht und dabei ganz bewusst drei sehr unterschiedliche Hotels getestet, um herauszufinden, welche Hotels auf Mallorca sich f\u00fcr welche Reisenden wirklich eignen. Unser Eindruck: [&hellip;]<\/p>\n","protected":false},"author":2,"featured_media":9443,"comment_status":"open","ping_status":"closed","sticky":false,"template":"","format":"standard","meta":{"_acf_changed":false,"footnotes":""},"categories":[17,33],"tags":[],"class_list":["post-9394","post","type-post","status-publish","format-standard","has-post-thumbnail","hentry","category-entdecken","category-hotels"],"acf":[],"yoast_head":"<!-- This site is optimized with the Yoast SEO Premium plugin v24.5 (Yoast SEO v26.5) - https:\/\/yoast.com\/wordpress\/plugins\/seo\/ -->\n<title>Hotels auf Mallorca: Unsere Empfehlungen nach 8 Tagen Insel\u2011Feeling - ltur Reiseblog<\/title>\n<meta name=\"description\" content=\"Wir waren acht Tage auf Mallorca und haben dort drei Hotels f\u00fcr euch getestet. Unseren Reisebericht mit allem Empfehlungen gibt&#039;s hier.\" \/>\n<meta name=\"robots\" content=\"index, follow, max-snippet:-1, max-image-preview:large, max-video-preview:-1\" \/>\n<link rel=\"canonical\" href=\"https:\/\/www.ltur.com\/de\/blog\/hotels-auf-mallorca-unsere-empfehlungen-nach-8-tagen-insel-feeling\/\" \/>\n<meta property=\"og:locale\" content=\"de_DE\" \/>\n<meta property=\"og:type\" content=\"article\" \/>\n<meta property=\"og:title\" content=\"Hotels auf Mallorca: Unsere Empfehlungen nach 8 Tagen Insel\u2011Feeling\" \/>\n<meta property=\"og:description\" content=\"Wir waren acht Tage auf Mallorca und haben dort drei Hotels f\u00fcr euch getestet. Unseren Reisebericht mit allem Empfehlungen gibt&#039;s hier.\" \/>\n<meta property=\"og:url\" content=\"https:\/\/www.ltur.com\/de\/blog\/hotels-auf-mallorca-unsere-empfehlungen-nach-8-tagen-insel-feeling\/\" \/>\n<meta property=\"og:site_name\" content=\"ltur Reiseblog\" \/>\n<meta property=\"article:published_time\" content=\"2026-04-30T12:13:44+00:00\" \/>\n<meta property=\"article:modified_time\" content=\"2026-04-30T12:14:11+00:00\" \/>\n<meta property=\"og:image\" content=\"https:\/\/www.ltur.com\/de\/blog\/wp-content\/uploads\/2026\/04\/7.webp\" \/>\n\t<meta property=\"og:image:width\" content=\"1600\" \/>\n\t<meta property=\"og:image:height\" content=\"550\" \/>\n\t<meta property=\"og:image:type\" content=\"image\/webp\" \/>\n<meta name=\"author\" content=\"Sarah D\u00fcrr\" \/>\n<meta name=\"twitter:card\" content=\"summary_large_image\" \/>\n<meta name=\"twitter:label1\" content=\"Verfasst von\" \/>\n\t<meta name=\"twitter:data1\" content=\"Sarah D\u00fcrr\" \/>\n\t<meta name=\"twitter:label2\" content=\"Gesch\u00e4tzte Lesezeit\" \/>\n\t<meta name=\"twitter:data2\" content=\"6\u00a0Minuten\" \/>\n<script type=\"application\/ld+json\" class=\"yoast-schema-graph\">{\"@context\":\"https:\/\/schema.org\",\"@graph\":[{\"@type\":\"Article\",\"@id\":\"https:\/\/www.ltur.com\/de\/blog\/hotels-auf-mallorca-unsere-empfehlungen-nach-8-tagen-insel-feeling\/#article\",\"isPartOf\":{\"@id\":\"https:\/\/www.ltur.com\/de\/blog\/hotels-auf-mallorca-unsere-empfehlungen-nach-8-tagen-insel-feeling\/\"},\"author\":{\"name\":\"Sarah D\u00fcrr\",\"@id\":\"https:\/\/www.ltur.com\/de\/blog\/#\/schema\/person\/0821a74c66b3d114c8243766e09f26f5\"},\"headline\":\"Hotels auf Mallorca: Unsere Empfehlungen nach 8 Tagen Insel\u2011Feeling\",\"datePublished\":\"2026-04-30T12:13:44+00:00\",\"dateModified\":\"2026-04-30T12:14:11+00:00\",\"mainEntityOfPage\":{\"@id\":\"https:\/\/www.ltur.com\/de\/blog\/hotels-auf-mallorca-unsere-empfehlungen-nach-8-tagen-insel-feeling\/\"},\"wordCount\":959,\"commentCount\":0,\"publisher\":{\"@id\":\"https:\/\/www.ltur.com\/de\/blog\/#organization\"},\"image\":{\"@id\":\"https:\/\/www.ltur.com\/de\/blog\/hotels-auf-mallorca-unsere-empfehlungen-nach-8-tagen-insel-feeling\/#primaryimage\"},\"thumbnailUrl\":\"https:\/\/www.ltur.com\/de\/blog\/wp-content\/uploads\/2026\/04\/7.webp\",\"articleSection\":[\"Entdecken\",\"Hotels\"],\"inLanguage\":\"de\",\"potentialAction\":[{\"@type\":\"CommentAction\",\"name\":\"Comment\",\"target\":[\"https:\/\/www.ltur.com\/de\/blog\/hotels-auf-mallorca-unsere-empfehlungen-nach-8-tagen-insel-feeling\/#respond\"]}]},{\"@type\":\"WebPage\",\"@id\":\"https:\/\/www.ltur.com\/de\/blog\/hotels-auf-mallorca-unsere-empfehlungen-nach-8-tagen-insel-feeling\/\",\"url\":\"https:\/\/www.ltur.com\/de\/blog\/hotels-auf-mallorca-unsere-empfehlungen-nach-8-tagen-insel-feeling\/\",\"name\":\"Hotels auf Mallorca: Unsere Empfehlungen nach 8 Tagen Insel\u2011Feeling - ltur Reiseblog\",\"isPartOf\":{\"@id\":\"https:\/\/www.ltur.com\/de\/blog\/#website\"},\"primaryImageOfPage\":{\"@id\":\"https:\/\/www.ltur.com\/de\/blog\/hotels-auf-mallorca-unsere-empfehlungen-nach-8-tagen-insel-feeling\/#primaryimage\"},\"image\":{\"@id\":\"https:\/\/www.ltur.com\/de\/blog\/hotels-auf-mallorca-unsere-empfehlungen-nach-8-tagen-insel-feeling\/#primaryimage\"},\"thumbnailUrl\":\"https:\/\/www.ltur.com\/de\/blog\/wp-content\/uploads\/2026\/04\/7.webp\",\"datePublished\":\"2026-04-30T12:13:44+00:00\",\"dateModified\":\"2026-04-30T12:14:11+00:00\",\"description\":\"Wir waren acht Tage auf Mallorca und haben dort drei Hotels f\u00fcr euch getestet. Unseren Reisebericht mit allem Empfehlungen gibt's hier.\",\"breadcrumb\":{\"@id\":\"https:\/\/www.ltur.com\/de\/blog\/hotels-auf-mallorca-unsere-empfehlungen-nach-8-tagen-insel-feeling\/#breadcrumb\"},\"inLanguage\":\"de\",\"potentialAction\":[{\"@type\":\"ReadAction\",\"target\":[\"https:\/\/www.ltur.com\/de\/blog\/hotels-auf-mallorca-unsere-empfehlungen-nach-8-tagen-insel-feeling\/\"]}]},{\"@type\":\"ImageObject\",\"inLanguage\":\"de\",\"@id\":\"https:\/\/www.ltur.com\/de\/blog\/hotels-auf-mallorca-unsere-empfehlungen-nach-8-tagen-insel-feeling\/#primaryimage\",\"url\":\"https:\/\/www.ltur.com\/de\/blog\/wp-content\/uploads\/2026\/04\/7.webp\",\"contentUrl\":\"https:\/\/www.ltur.com\/de\/blog\/wp-content\/uploads\/2026\/04\/7.webp\",\"width\":1600,\"height\":550},{\"@type\":\"BreadcrumbList\",\"@id\":\"https:\/\/www.ltur.com\/de\/blog\/hotels-auf-mallorca-unsere-empfehlungen-nach-8-tagen-insel-feeling\/#breadcrumb\",\"itemListElement\":[{\"@type\":\"ListItem\",\"position\":1,\"name\":\"Startseite\",\"item\":\"https:\/\/www.ltur.com\/de\/blog\/\"},{\"@type\":\"ListItem\",\"position\":2,\"name\":\"Hotels auf Mallorca: Unsere Empfehlungen nach 8 Tagen Insel\u2011Feeling\"}]},{\"@type\":\"WebSite\",\"@id\":\"https:\/\/www.ltur.com\/de\/blog\/#website\",\"url\":\"https:\/\/www.ltur.com\/de\/blog\/\",\"name\":\"ltur Reiseblog\",\"description\":\"Reisetipps und Inspiration\",\"publisher\":{\"@id\":\"https:\/\/www.ltur.com\/de\/blog\/#organization\"},\"alternateName\":\"l'tur Blog\",\"potentialAction\":[{\"@type\":\"SearchAction\",\"target\":{\"@type\":\"EntryPoint\",\"urlTemplate\":\"https:\/\/www.ltur.com\/de\/blog\/?s={search_term_string}\"},\"query-input\":{\"@type\":\"PropertyValueSpecification\",\"valueRequired\":true,\"valueName\":\"search_term_string\"}}],\"inLanguage\":\"de\"},{\"@type\":\"Organization\",\"@id\":\"https:\/\/www.ltur.com\/de\/blog\/#organization\",\"name\":\"ltur Reiseblog\",\"url\":\"https:\/\/www.ltur.com\/de\/blog\/\",\"logo\":{\"@type\":\"ImageObject\",\"inLanguage\":\"de\",\"@id\":\"https:\/\/www.ltur.com\/de\/blog\/#\/schema\/logo\/image\/\",\"url\":\"https:\/\/www.ltur.com\/de\/blog\/wp-content\/uploads\/2024\/04\/ltur_logo_white.svg\",\"contentUrl\":\"https:\/\/www.ltur.com\/de\/blog\/wp-content\/uploads\/2024\/04\/ltur_logo_white.svg\",\"caption\":\"ltur Reiseblog\"},\"image\":{\"@id\":\"https:\/\/www.ltur.com\/de\/blog\/#\/schema\/logo\/image\/\"}},{\"@type\":\"Person\",\"@id\":\"https:\/\/www.ltur.com\/de\/blog\/#\/schema\/person\/0821a74c66b3d114c8243766e09f26f5\",\"name\":\"Sarah D\u00fcrr\",\"image\":{\"@type\":\"ImageObject\",\"inLanguage\":\"de\",\"@id\":\"https:\/\/www.ltur.com\/de\/blog\/#\/schema\/person\/image\/\",\"url\":\"https:\/\/secure.gravatar.com\/avatar\/d9e366775b3112ce46826d336baf312cc4a90d668736b78f9fac2a340404c925?s=96&d=mm&r=g\",\"contentUrl\":\"https:\/\/secure.gravatar.com\/avatar\/d9e366775b3112ce46826d336baf312cc4a90d668736b78f9fac2a340404c925?s=96&d=mm&r=g\",\"caption\":\"Sarah D\u00fcrr\"},\"description\":\"Das st\u00e4ndige Fernweh treibt mich an, meine Reiseerlebnisse zu teilen und Menschen dazu zu inspirieren, die Welt mit eigenen Augen zu entdecken. Dabei ist es f\u00fcr mich besonders faszinierend, neue Hotels zu erkunden und in verschiedene Kulturen einzutauchen. Ob bei einem entspannten Strandurlaub, einem abenteuerlichen Skiausflug oder einem lebendigen St\u00e4dtetrip mit den besten Freunden \u2013 jede Reise er\u00f6ffnet uns nicht nur unvergessliche Momente, sondern auch die M\u00f6glichkeit, fremde Welten zu verstehen und zu sch\u00e4tzen.\",\"url\":\"https:\/\/www.ltur.com\/de\/blog\/author\/sarah-duerr\/\"}]}<\/script>\n<!-- \/ Yoast SEO Premium plugin. -->","yoast_head_json":{"title":"Hotels auf Mallorca: Unsere Empfehlungen nach 8 Tagen Insel\u2011Feeling - ltur Reiseblog","description":"Wir waren acht Tage auf Mallorca und haben dort drei Hotels f\u00fcr euch getestet. Unseren Reisebericht mit allem Empfehlungen gibt's hier.","robots":{"index":"index","follow":"follow","max-snippet":"max-snippet:-1","max-image-preview":"max-image-preview:large","max-video-preview":"max-video-preview:-1"},"canonical":"https:\/\/www.ltur.com\/de\/blog\/hotels-auf-mallorca-unsere-empfehlungen-nach-8-tagen-insel-feeling\/","og_locale":"de_DE","og_type":"article","og_title":"Hotels auf Mallorca: Unsere Empfehlungen nach 8 Tagen Insel\u2011Feeling","og_description":"Wir waren acht Tage auf Mallorca und haben dort drei Hotels f\u00fcr euch getestet. Unseren Reisebericht mit allem Empfehlungen gibt's hier.","og_url":"https:\/\/www.ltur.com\/de\/blog\/hotels-auf-mallorca-unsere-empfehlungen-nach-8-tagen-insel-feeling\/","og_site_name":"ltur Reiseblog","article_published_time":"2026-04-30T12:13:44+00:00","article_modified_time":"2026-04-30T12:14:11+00:00","og_image":[{"width":1600,"height":550,"url":"https:\/\/www.ltur.com\/de\/blog\/wp-content\/uploads\/2026\/04\/7.webp","type":"image\/webp"}],"author":"Sarah D\u00fcrr","twitter_card":"summary_large_image","twitter_misc":{"Verfasst von":"Sarah D\u00fcrr","Gesch\u00e4tzte Lesezeit":"6\u00a0Minuten"},"schema":{"@context":"https:\/\/schema.org","@graph":[{"@type":"Article","@id":"https:\/\/www.ltur.com\/de\/blog\/hotels-auf-mallorca-unsere-empfehlungen-nach-8-tagen-insel-feeling\/#article","isPartOf":{"@id":"https:\/\/www.ltur.com\/de\/blog\/hotels-auf-mallorca-unsere-empfehlungen-nach-8-tagen-insel-feeling\/"},"author":{"name":"Sarah D\u00fcrr","@id":"https:\/\/www.ltur.com\/de\/blog\/#\/schema\/person\/0821a74c66b3d114c8243766e09f26f5"},"headline":"Hotels auf Mallorca: Unsere Empfehlungen nach 8 Tagen Insel\u2011Feeling","datePublished":"2026-04-30T12:13:44+00:00","dateModified":"2026-04-30T12:14:11+00:00","mainEntityOfPage":{"@id":"https:\/\/www.ltur.com\/de\/blog\/hotels-auf-mallorca-unsere-empfehlungen-nach-8-tagen-insel-feeling\/"},"wordCount":959,"commentCount":0,"publisher":{"@id":"https:\/\/www.ltur.com\/de\/blog\/#organization"},"image":{"@id":"https:\/\/www.ltur.com\/de\/blog\/hotels-auf-mallorca-unsere-empfehlungen-nach-8-tagen-insel-feeling\/#primaryimage"},"thumbnailUrl":"https:\/\/www.ltur.com\/de\/blog\/wp-content\/uploads\/2026\/04\/7.webp","articleSection":["Entdecken","Hotels"],"inLanguage":"de","potentialAction":[{"@type":"CommentAction","name":"Comment","target":["https:\/\/www.ltur.com\/de\/blog\/hotels-auf-mallorca-unsere-empfehlungen-nach-8-tagen-insel-feeling\/#respond"]}]},{"@type":"WebPage","@id":"https:\/\/www.ltur.com\/de\/blog\/hotels-auf-mallorca-unsere-empfehlungen-nach-8-tagen-insel-feeling\/","url":"https:\/\/www.ltur.com\/de\/blog\/hotels-auf-mallorca-unsere-empfehlungen-nach-8-tagen-insel-feeling\/","name":"Hotels auf Mallorca: Unsere Empfehlungen nach 8 Tagen Insel\u2011Feeling - ltur Reiseblog","isPartOf":{"@id":"https:\/\/www.ltur.com\/de\/blog\/#website"},"primaryImageOfPage":{"@id":"https:\/\/www.ltur.com\/de\/blog\/hotels-auf-mallorca-unsere-empfehlungen-nach-8-tagen-insel-feeling\/#primaryimage"},"image":{"@id":"https:\/\/www.ltur.com\/de\/blog\/hotels-auf-mallorca-unsere-empfehlungen-nach-8-tagen-insel-feeling\/#primaryimage"},"thumbnailUrl":"https:\/\/www.ltur.com\/de\/blog\/wp-content\/uploads\/2026\/04\/7.webp","datePublished":"2026-04-30T12:13:44+00:00","dateModified":"2026-04-30T12:14:11+00:00","description":"Wir waren acht Tage auf Mallorca und haben dort drei Hotels f\u00fcr euch getestet. Unseren Reisebericht mit allem Empfehlungen gibt's hier.","breadcrumb":{"@id":"https:\/\/www.ltur.com\/de\/blog\/hotels-auf-mallorca-unsere-empfehlungen-nach-8-tagen-insel-feeling\/#breadcrumb"},"inLanguage":"de","potentialAction":[{"@type":"ReadAction","target":["https:\/\/www.ltur.com\/de\/blog\/hotels-auf-mallorca-unsere-empfehlungen-nach-8-tagen-insel-feeling\/"]}]},{"@type":"ImageObject","inLanguage":"de","@id":"https:\/\/www.ltur.com\/de\/blog\/hotels-auf-mallorca-unsere-empfehlungen-nach-8-tagen-insel-feeling\/#primaryimage","url":"https:\/\/www.ltur.com\/de\/blog\/wp-content\/uploads\/2026\/04\/7.webp","contentUrl":"https:\/\/www.ltur.com\/de\/blog\/wp-content\/uploads\/2026\/04\/7.webp","width":1600,"height":550},{"@type":"BreadcrumbList","@id":"https:\/\/www.ltur.com\/de\/blog\/hotels-auf-mallorca-unsere-empfehlungen-nach-8-tagen-insel-feeling\/#breadcrumb","itemListElement":[{"@type":"ListItem","position":1,"name":"Startseite","item":"https:\/\/www.ltur.com\/de\/blog\/"},{"@type":"ListItem","position":2,"name":"Hotels auf Mallorca: Unsere Empfehlungen nach 8 Tagen Insel\u2011Feeling"}]},{"@type":"WebSite","@id":"https:\/\/www.ltur.com\/de\/blog\/#website","url":"https:\/\/www.ltur.com\/de\/blog\/","name":"ltur Reiseblog","description":"Reisetipps und Inspiration","publisher":{"@id":"https:\/\/www.ltur.com\/de\/blog\/#organization"},"alternateName":"l'tur Blog","potentialAction":[{"@type":"SearchAction","target":{"@type":"EntryPoint","urlTemplate":"https:\/\/www.ltur.com\/de\/blog\/?s={search_term_string}"},"query-input":{"@type":"PropertyValueSpecification","valueRequired":true,"valueName":"search_term_string"}}],"inLanguage":"de"},{"@type":"Organization","@id":"https:\/\/www.ltur.com\/de\/blog\/#organization","name":"ltur Reiseblog","url":"https:\/\/www.ltur.com\/de\/blog\/","logo":{"@type":"ImageObject","inLanguage":"de","@id":"https:\/\/www.ltur.com\/de\/blog\/#\/schema\/logo\/image\/","url":"https:\/\/www.ltur.com\/de\/blog\/wp-content\/uploads\/2024\/04\/ltur_logo_white.svg","contentUrl":"https:\/\/www.ltur.com\/de\/blog\/wp-content\/uploads\/2024\/04\/ltur_logo_white.svg","caption":"ltur Reiseblog"},"image":{"@id":"https:\/\/www.ltur.com\/de\/blog\/#\/schema\/logo\/image\/"}},{"@type":"Person","@id":"https:\/\/www.ltur.com\/de\/blog\/#\/schema\/person\/0821a74c66b3d114c8243766e09f26f5","name":"Sarah D\u00fcrr","image":{"@type":"ImageObject","inLanguage":"de","@id":"https:\/\/www.ltur.com\/de\/blog\/#\/schema\/person\/image\/","url":"https:\/\/secure.gravatar.com\/avatar\/d9e366775b3112ce46826d336baf312cc4a90d668736b78f9fac2a340404c925?s=96&d=mm&r=g","contentUrl":"https:\/\/secure.gravatar.com\/avatar\/d9e366775b3112ce46826d336baf312cc4a90d668736b78f9fac2a340404c925?s=96&d=mm&r=g","caption":"Sarah D\u00fcrr"},"description":"Das st\u00e4ndige Fernweh treibt mich an, meine Reiseerlebnisse zu teilen und Menschen dazu zu inspirieren, die Welt mit eigenen Augen zu entdecken. Dabei ist es f\u00fcr mich besonders faszinierend, neue Hotels zu erkunden und in verschiedene Kulturen einzutauchen. Ob bei einem entspannten Strandurlaub, einem abenteuerlichen Skiausflug oder einem lebendigen St\u00e4dtetrip mit den besten Freunden \u2013 jede Reise er\u00f6ffnet uns nicht nur unvergessliche Momente, sondern auch die M\u00f6glichkeit, fremde Welten zu verstehen und zu sch\u00e4tzen.","url":"https:\/\/www.ltur.com\/de\/blog\/author\/sarah-duerr\/"}]}},"_links":{"self":[{"href":"https:\/\/www.ltur.com\/de\/blog\/wp-json\/wp\/v2\/posts\/9394","targetHints":{"allow":["GET"]}}],"collection":[{"href":"https:\/\/www.ltur.com\/de\/blog\/wp-json\/wp\/v2\/posts"}],"about":[{"href":"https:\/\/www.ltur.com\/de\/blog\/wp-json\/wp\/v2\/types\/post"}],"author":[{"embeddable":true,"href":"https:\/\/www.ltur.com\/de\/blog\/wp-json\/wp\/v2\/users\/2"}],"replies":[{"embeddable":true,"href":"https:\/\/www.ltur.com\/de\/blog\/wp-json\/wp\/v2\/comments?post=9394"}],"version-history":[{"count":35,"href":"https:\/\/www.ltur.com\/de\/blog\/wp-json\/wp\/v2\/posts\/9394\/revisions"}],"predecessor-version":[{"id":9453,"href":"https:\/\/www.ltur.com\/de\/blog\/wp-json\/wp\/v2\/posts\/9394\/revisions\/9453"}],"wp:featuredmedia":[{"embeddable":true,"href":"https:\/\/www.ltur.com\/de\/blog\/wp-json\/wp\/v2\/media\/9443"}],"wp:attachment":[{"href":"https:\/\/www.ltur.com\/de\/blog\/wp-json\/wp\/v2\/media?parent=9394"}],"wp:term":[{"taxonomy":"category","embeddable":true,"href":"https:\/\/www.ltur.com\/de\/blog\/wp-json\/wp\/v2\/categories?post=9394"},{"taxonomy":"post_tag","embeddable":true,"href":"https:\/\/www.ltur.com\/de\/blog\/wp-json\/wp\/v2\/tags?post=9394"}],"curies":[{"name":"wp","href":"https:\/\/api.w.org\/{rel}","templated":true}]}}