{"id":8668,"date":"2026-01-20T12:32:56","date_gmt":"2026-01-20T12:32:56","guid":{"rendered":"https:\/\/www.ltur.com\/de\/blog\/?p=8668"},"modified":"2026-01-20T12:32:57","modified_gmt":"2026-01-20T12:32:57","slug":"konfetti-trifft-cote-dazur-karneval-feiern-unter-palmen","status":"publish","type":"post","link":"https:\/\/www.ltur.com\/de\/blog\/konfetti-trifft-cote-dazur-karneval-feiern-unter-palmen\/","title":{"rendered":"Konfetti trifft C\u00f4te d\u2019Azur: Karneval feiern unter Palmen"},"content":{"rendered":"<div id=\"bsf_rt_marker\"><\/div>\t\t<div data-elementor-type=\"wp-post\" data-elementor-id=\"8668\" class=\"elementor elementor-8668\" data-elementor-post-type=\"post\">\n\t\t\t\t<div class=\"elementor-element elementor-element-2c9618d e-con-full e-flex e-con e-parent\" data-id=\"2c9618d\" data-element_type=\"container\">\n\t\t\t\t<div class=\"elementor-element elementor-element-689d450 elementor-widget elementor-widget-text-editor\" data-id=\"689d450\" data-element_type=\"widget\" data-widget_type=\"text-editor.default\">\n\t\t\t\t<div class=\"elementor-widget-container\">\n\t\t\t\t\t\t\t\t\tKarneval muss nicht immer kalt, grau und regnerisch sein. Wer Lust auf ausgelassene Stimmung, farbenfrohe Umz\u00fcge und milde Temperaturen hat, sollte den Karneval an der C\u00f4te d\u2019Azur ganz oben auf die Bucket List setzen. Zwischen Mittelmeer, Palmen und Promenaden wird hier gefeiert, getanzt und gestaunt \u2013 und das mit franz\u00f6sischem Flair.\t\t\t\t\t\t\t\t<\/div>\n\t\t\t\t<\/div>\n\t\t\t\t<\/div>\n\t\t<div class=\"elementor-element elementor-element-68c4cb9 e-con-full e-flex e-con e-parent\" data-id=\"68c4cb9\" data-element_type=\"container\">\n\t\t\t\t<div class=\"elementor-element elementor-element-e09a2c8 elementor-widget elementor-widget-heading\" data-id=\"e09a2c8\" data-element_type=\"widget\" data-widget_type=\"heading.default\">\n\t\t\t\t<div class=\"elementor-widget-container\">\n\t\t\t\t\t<h2 class=\"elementor-heading-title elementor-size-default\">Karneval C\u00f4te d\u2019Azur: Ein Fest der Farben und Lebensfreude<\/h2>\t\t\t\t<\/div>\n\t\t\t\t<\/div>\n\t\t\t\t<div class=\"elementor-element elementor-element-eb710ec elementor-widget elementor-widget-text-editor\" data-id=\"eb710ec\" data-element_type=\"widget\" data-widget_type=\"text-editor.default\">\n\t\t\t\t<div class=\"elementor-widget-container\">\n\t\t\t\t\t\t\t\t\tDer Karneval an der C\u00f4te d\u2019Azur geh\u00f6rt zu den bekanntesten und traditionsreichsten Karnevalsveranstaltungen Europas. Besonders in Nizza wird jedes Jahr im Februar ein spektakul\u00e4res Programm geboten: Riesige, kunstvoll gestaltete Wagen, tausende T\u00e4nzer:innen und Musiker:innen sowie ein Meer aus Blumen und Konfetti verwandeln die Stadt in eine bunte Open-Air-B\u00fchne.\t\t\t\t\t\t\t\t<\/div>\n\t\t\t\t<\/div>\n\t\t<div class=\"elementor-element elementor-element-c58e6d7 e-flex e-con-boxed e-con e-child\" data-id=\"c58e6d7\" data-element_type=\"container\">\n\t\t\t\t\t<div class=\"e-con-inner\">\n\t\t<div class=\"elementor-element elementor-element-afa1e77 e-con-full e-flex e-con e-child\" data-id=\"afa1e77\" data-element_type=\"container\" data-settings=\"{&quot;background_background&quot;:&quot;classic&quot;}\">\n\t\t\t\t<div class=\"elementor-element elementor-element-1d9d80e elementor-widget elementor-widget-text-editor\" data-id=\"1d9d80e\" data-element_type=\"widget\" data-widget_type=\"text-editor.default\">\n\t\t\t\t<div class=\"elementor-widget-container\">\n\t\t\t\t\t\t\t\t\t<p>Ein absolutes Highlight ist die ber\u00fchmte <a href=\"https:\/\/www.france.fr\/de\/veranstaltung\/karneval-nizza\/\" target=\"_blank\">Blumenschlacht<\/a> (Bataille de Fleurs). Von prachtvoll geschm\u00fcckten Wagen werden ca. 20 Tonnen Blumen ins Publikum geworfen \u2013 ein einzigartiges Erlebnis, das es so nur hier gibt.<\/p>\t\t\t\t\t\t\t\t<\/div>\n\t\t\t\t<\/div>\n\t\t\t\t<\/div>\n\t\t<div class=\"elementor-element elementor-element-ab7a0a3 e-con-full e-flex e-con e-child\" data-id=\"ab7a0a3\" data-element_type=\"container\" data-settings=\"{&quot;background_background&quot;:&quot;classic&quot;}\">\n\t\t\t\t<\/div>\n\t\t\t\t\t<\/div>\n\t\t\t\t<\/div>\n\t\t\t\t<\/div>\n\t\t<div class=\"elementor-element elementor-element-6786d05 e-con-full e-flex e-con e-parent\" data-id=\"6786d05\" data-element_type=\"container\">\n\t\t\t\t<div class=\"elementor-element elementor-element-d434092 elementor-widget elementor-widget-heading\" data-id=\"d434092\" data-element_type=\"widget\" data-widget_type=\"heading.default\">\n\t\t\t\t<div class=\"elementor-widget-container\">\n\t\t\t\t\t<h2 class=\"elementor-heading-title elementor-size-default\">Karneval mal anders: Sonne statt Winterjacke<\/h2>\t\t\t\t<\/div>\n\t\t\t\t<\/div>\n\t\t\t\t<div class=\"elementor-element elementor-element-3f14771 elementor-widget elementor-widget-text-editor\" data-id=\"3f14771\" data-element_type=\"widget\" data-widget_type=\"text-editor.default\">\n\t\t\t\t<div class=\"elementor-widget-container\">\n\t\t\t\t\t\t\t\t\t<p>W\u00e4hrend in Deutschland dicke Jacken und grauer Himmel den Karneval begleiten, genie\u00dft man an der C\u00f4te d\u2019Azur milde Temperaturen und sonnige Tage. Genau das macht diese Zeit so besonders: Feiern am Tag, entspannte Stunden am Strand oder auf der Promenade zwischendurch und abends franz\u00f6sische K\u00fcche genie\u00dfen.<\/p><p>Ob Nizza, Cannes oder Menton \u2013 \u00fcberall sp\u00fcrt man die besondere Mischung aus Karnevalstrubel und mediterraner Gelassenheit.<\/p>\t\t\t\t\t\t\t\t<\/div>\n\t\t\t\t<\/div>\n\t\t<div class=\"elementor-element elementor-element-353ad82 e-flex e-con-boxed e-con e-child\" data-id=\"353ad82\" data-element_type=\"container\">\n\t\t\t\t\t<div class=\"e-con-inner\">\n\t\t\t\t<div class=\"elementor-element elementor-element-5506e34 elementor-skin-carousel elementor-arrows-yes elementor-pagination-type-bullets elementor-pagination-position-outside elementor-widget elementor-widget-media-carousel\" data-id=\"5506e34\" data-element_type=\"widget\" data-settings=\"{&quot;skin&quot;:&quot;carousel&quot;,&quot;effect&quot;:&quot;slide&quot;,&quot;show_arrows&quot;:&quot;yes&quot;,&quot;pagination&quot;:&quot;bullets&quot;,&quot;speed&quot;:500,&quot;autoplay&quot;:&quot;yes&quot;,&quot;autoplay_speed&quot;:5000,&quot;loop&quot;:&quot;yes&quot;,&quot;pause_on_hover&quot;:&quot;yes&quot;,&quot;pause_on_interaction&quot;:&quot;yes&quot;,&quot;space_between&quot;:{&quot;unit&quot;:&quot;px&quot;,&quot;size&quot;:10,&quot;sizes&quot;:[]},&quot;space_between_tablet&quot;:{&quot;unit&quot;:&quot;px&quot;,&quot;size&quot;:10,&quot;sizes&quot;:[]},&quot;space_between_mobile&quot;:{&quot;unit&quot;:&quot;px&quot;,&quot;size&quot;:10,&quot;sizes&quot;:[]}}\" data-widget_type=\"media-carousel.default\">\n\t\t\t\t<div class=\"elementor-widget-container\">\n\t\t\t\t\t\t\t\t\t<div class=\"elementor-swiper\">\n\t\t\t\t\t<div class=\"elementor-main-swiper swiper\" role=\"region\" aria-roledescription=\"carousel\" aria-label=\"Slider\">\n\t\t\t\t<div class=\"swiper-wrapper\">\n\t\t\t\t\t\t\t\t\t\t\t<div class=\"swiper-slide\" role=\"group\" aria-roledescription=\"slide\">\n\t\t\t\t\t\t\t\t\t<div class=\"elementor-carousel-image\" role=\"img\" aria-label=\"Dekoratives Bild von der Altstadt von Nizza\" style=\"background-image: url(&#039;https:\/\/www.ltur.com\/de\/blog\/wp-content\/uploads\/2026\/01\/1.webp&#039;)\">\n\n\t\t\t\n\t\t\t\t\t<\/div>\n\t\t\t\t\t\t\t\t<\/div>\n\t\t\t\t\t\t\t\t\t\t\t<div class=\"swiper-slide\" role=\"group\" aria-roledescription=\"slide\">\n\t\t\t\t\t\t\t\t\t<div class=\"elementor-carousel-image\" role=\"img\" aria-label=\"Dekoratives Bild vom Hafen von Nizza\" style=\"background-image: url(&#039;https:\/\/www.ltur.com\/de\/blog\/wp-content\/uploads\/2026\/01\/2.webp&#039;)\">\n\n\t\t\t\n\t\t\t\t\t<\/div>\n\t\t\t\t\t\t\t\t<\/div>\n\t\t\t\t\t\t\t\t\t\t\t<div class=\"swiper-slide\" role=\"group\" aria-roledescription=\"slide\">\n\t\t\t\t\t\t\t\t\t<div class=\"elementor-carousel-image\" role=\"img\" aria-label=\"Dekoratives Bild von der Altstadt von Nizza\" style=\"background-image: url(&#039;https:\/\/www.ltur.com\/de\/blog\/wp-content\/uploads\/2026\/01\/3.webp&#039;)\">\n\n\t\t\t\n\t\t\t\t\t<\/div>\n\t\t\t\t\t\t\t\t<\/div>\n\t\t\t\t\t\t\t\t\t\t\t<div class=\"swiper-slide\" role=\"group\" aria-roledescription=\"slide\">\n\t\t\t\t\t\t\t\t\t<div class=\"elementor-carousel-image\" role=\"img\" aria-label=\"Dekoratives Bild vom Strand von Nizza\" style=\"background-image: url(&#039;https:\/\/www.ltur.com\/de\/blog\/wp-content\/uploads\/2026\/01\/4.webp&#039;)\">\n\n\t\t\t\n\t\t\t\t\t<\/div>\n\t\t\t\t\t\t\t\t<\/div>\n\t\t\t\t\t\t\t\t\t\t\t<div class=\"swiper-slide\" role=\"group\" aria-roledescription=\"slide\">\n\t\t\t\t\t\t\t\t\t<div class=\"elementor-carousel-image\" role=\"img\" aria-label=\"Dekoratives Bild vom Hafen von Nizza\" style=\"background-image: url(&#039;https:\/\/www.ltur.com\/de\/blog\/wp-content\/uploads\/2026\/01\/5.webp&#039;)\">\n\n\t\t\t\n\t\t\t\t\t<\/div>\n\t\t\t\t\t\t\t\t<\/div>\n\t\t\t\t\t\t\t\t\t<\/div>\n\t\t\t\t\t\t\t\t\t\t\t\t\t\t\t<div class=\"elementor-swiper-button elementor-swiper-button-prev\" role=\"button\" tabindex=\"0\" aria-label=\"Voriger\">\n\t\t\t\t\t\t\t<svg aria-hidden=\"true\" class=\"e-font-icon-svg e-eicon-chevron-left\" viewBox=\"0 0 1000 1000\" xmlns=\"http:\/\/www.w3.org\/2000\/svg\"><path d=\"M646 125C629 125 613 133 604 142L308 442C296 454 292 471 292 487 292 504 296 521 308 533L604 854C617 867 629 875 646 875 663 875 679 871 692 858 704 846 713 829 713 812 713 796 708 779 692 767L438 487 692 225C700 217 708 204 708 187 708 171 704 154 692 142 675 129 663 125 646 125Z\"><\/path><\/svg>\t\t\t\t\t\t<\/div>\n\t\t\t\t\t\t<div class=\"elementor-swiper-button elementor-swiper-button-next\" role=\"button\" tabindex=\"0\" aria-label=\"N\u00e4chster\">\n\t\t\t\t\t\t\t<svg aria-hidden=\"true\" class=\"e-font-icon-svg e-eicon-chevron-right\" viewBox=\"0 0 1000 1000\" xmlns=\"http:\/\/www.w3.org\/2000\/svg\"><path d=\"M696 533C708 521 713 504 713 487 713 471 708 454 696 446L400 146C388 133 375 125 354 125 338 125 325 129 313 142 300 154 292 171 292 187 292 204 296 221 308 233L563 492 304 771C292 783 288 800 288 817 288 833 296 850 308 863 321 871 338 875 354 875 371 875 388 867 400 854L696 533Z\"><\/path><\/svg>\t\t\t\t\t\t<\/div>\n\t\t\t\t\t\t\t\t\t\t\t\t\t\t\t\t<div class=\"swiper-pagination\"><\/div>\n\t\t\t\t\t\t\t\t\t\t\t\t<\/div>\n\t\t\t\t<\/div>\n\t\t\t\t\t\t\t\t<\/div>\n\t\t\t\t<\/div>\n\t\t\t\t\t<\/div>\n\t\t\t\t<\/div>\n\t\t\t\t<\/div>\n\t\t<div class=\"elementor-element elementor-element-83deb82 e-con-full e-flex e-con e-parent\" data-id=\"83deb82\" data-element_type=\"container\">\n\t\t\t\t<div class=\"elementor-element elementor-element-8a450cf elementor-widget elementor-widget-heading\" data-id=\"8a450cf\" data-element_type=\"widget\" data-widget_type=\"heading.default\">\n\t\t\t\t<div class=\"elementor-widget-container\">\n\t\t\t\t\t<h2 class=\"elementor-heading-title elementor-size-default\">Perfekt f\u00fcr einen Kurzurlaub im Februar<\/h2>\t\t\t\t<\/div>\n\t\t\t\t<\/div>\n\t\t\t\t<div class=\"elementor-element elementor-element-6f73d8c elementor-widget elementor-widget-text-editor\" data-id=\"6f73d8c\" data-element_type=\"widget\" data-widget_type=\"text-editor.default\">\n\t\t\t\t<div class=\"elementor-widget-container\">\n\t\t\t\t\t\t\t\t\t<p>Der Karneval eignet sich ideal f\u00fcr einen Kurzurlaub oder eine Auszeit im Winter. Fl\u00fcge sind vergleichsweise kurz, die Region ist gut erreichbar und viele Hotels bieten gerade au\u00dferhalb der Hauptsaison attraktive Preise. So l\u00e4sst sich Kultur, Party und Erholung perfekt kombinieren.<\/p><p>Unser Tipp: Fr\u00fchzeitig planen, denn besonders zur Karnevalszeit sind die beliebtesten Hotels schnell ausgebucht.<\/p>\t\t\t\t\t\t\t\t<\/div>\n\t\t\t\t<\/div>\n\t\t\t\t<div class=\"elementor-element elementor-element-d1a58a4 elementor-widget elementor-widget-heading\" data-id=\"d1a58a4\" data-element_type=\"widget\" data-widget_type=\"heading.default\">\n\t\t\t\t<div class=\"elementor-widget-container\">\n\t\t\t\t\t<h3 class=\"elementor-heading-title elementor-size-default\">Unsere Hoteltipps f\u00fcr deinen Karneval-Tripp:<\/h3>\t\t\t\t<\/div>\n\t\t\t\t<\/div>\n\t\t\t\t<div class=\"elementor-element elementor-element-82323ed elementor-widget elementor-widget-ltur_offer\" data-id=\"82323ed\" data-element_type=\"widget\" data-widget_type=\"ltur_offer.default\">\n\t\t\t\t<div class=\"elementor-widget-container\">\n\t\t\t\t\t<embedded-hotel data-url=\"https:\/\/www.ltur.com\/de\/urlaub\/hotel-du-pin-nice-56461\" fallback-url=\"https:\/\/www.ltur.com\/de\/urlaub\/mitteleuropa\/frankreich\/mittelmeerkueste-frankreich\/cote-d-azur?duration=10608&#038;hotelCategory=3&#038;options=1911&#038;page=0&#038;size=10&#038;sorting=price\" image-link=\"https:\/\/gips.ltur.com\/gips\/scalr-webp\/387x169\/images.ltur.com\/images\/sonata_cms\/media\/t15_fluid\/0001\/03\/30c155f177082502375748552d7826ca18e573ff.jpeg\"><\/embedded-hotel>\t\t\t\t<\/div>\n\t\t\t\t<\/div>\n\t\t\t\t<div class=\"elementor-element elementor-element-0fec534 elementor-widget elementor-widget-ltur_offer\" data-id=\"0fec534\" data-element_type=\"widget\" data-widget_type=\"ltur_offer.default\">\n\t\t\t\t<div class=\"elementor-widget-container\">\n\t\t\t\t\t<embedded-hotel data-url=\"https:\/\/www.ltur.com\/de\/urlaub\/mama-nice-1426423\" fallback-url=\"https:\/\/www.ltur.com\/de\/urlaub\/mitteleuropa\/frankreich\/mittelmeerkueste-frankreich\/cote-d-azur?duration=10608&#038;hotelCategory=3&#038;options=1911&#038;page=0&#038;size=10&#038;sorting=price\" image-link=\"https:\/\/gips.ltur.com\/gips\/scalr-webp\/387x169\/images.ltur.com\/images\/sonata_cms\/media\/t15_fluid\/0001\/03\/30c155f177082502375748552d7826ca18e573ff.jpeg\"><\/embedded-hotel>\t\t\t\t<\/div>\n\t\t\t\t<\/div>\n\t\t\t\t<div class=\"elementor-element elementor-element-d67e7a9 elementor-widget elementor-widget-ltur_offer\" data-id=\"d67e7a9\" data-element_type=\"widget\" data-widget_type=\"ltur_offer.default\">\n\t\t\t\t<div class=\"elementor-widget-container\">\n\t\t\t\t\t<embedded-hotel data-url=\"https:\/\/www.ltur.com\/de\/urlaub\/nemea-appart-hotel-nice-riviera-1328017\" fallback-url=\"https:\/\/www.ltur.com\/de\/urlaub\/mitteleuropa\/frankreich\/mittelmeerkueste-frankreich\/cote-d-azur?duration=10608&#038;hotelCategory=3&#038;options=1911&#038;page=0&#038;size=10&#038;sorting=price\" image-link=\"https:\/\/gips.ltur.com\/gips\/scalr-webp\/387x169\/images.ltur.com\/images\/sonata_cms\/media\/t15_fluid\/0001\/03\/30c155f177082502375748552d7826ca18e573ff.jpeg\"><\/embedded-hotel>\t\t\t\t<\/div>\n\t\t\t\t<\/div>\n\t\t\t\t<div class=\"elementor-element elementor-element-c481463 elementor-widget elementor-widget-ltur_offer\" data-id=\"c481463\" data-element_type=\"widget\" data-widget_type=\"ltur_offer.default\">\n\t\t\t\t<div class=\"elementor-widget-container\">\n\t\t\t\t\t<embedded-hotel data-url=\"https:\/\/www.ltur.com\/de\/urlaub\/bristol-141133\" fallback-url=\"https:\/\/www.ltur.com\/de\/urlaub\/mitteleuropa\/frankreich\/mittelmeerkueste-frankreich\/cote-d-azur?duration=10608&#038;hotelCategory=3&#038;options=1911&#038;page=0&#038;size=10&#038;sorting=price\" image-link=\"https:\/\/gips.ltur.com\/gips\/scalr-webp\/387x169\/images.ltur.com\/images\/sonata_cms\/media\/t15_fluid\/0001\/03\/30c155f177082502375748552d7826ca18e573ff.jpeg\"><\/embedded-hotel>\t\t\t\t<\/div>\n\t\t\t\t<\/div>\n\t\t\t\t<\/div>\n\t\t<div class=\"elementor-element elementor-element-4846f24 e-con-full e-flex e-con e-parent\" data-id=\"4846f24\" data-element_type=\"container\">\n\t\t\t\t<div class=\"elementor-element elementor-element-707d72e elementor-widget elementor-widget-heading\" data-id=\"707d72e\" data-element_type=\"widget\" data-widget_type=\"heading.default\">\n\t\t\t\t<div class=\"elementor-widget-container\">\n\t\t\t\t\t<h2 class=\"elementor-heading-title elementor-size-default\">Fazit: Feiern mit franz\u00f6sischem Flair<\/h2>\t\t\t\t<\/div>\n\t\t\t\t<\/div>\n\t\t\t\t<div class=\"elementor-element elementor-element-c6bcb7f elementor-widget elementor-widget-text-editor\" data-id=\"c6bcb7f\" data-element_type=\"widget\" data-widget_type=\"text-editor.default\">\n\t\t\t\t<div class=\"elementor-widget-container\">\n\t\t\t\t\t\t\t\t\tWer Karneval einmal ganz anders erleben m\u00f6chte, ist an der C\u00f4te d\u2019Azur genau richtig. Konfetti trifft C\u00f4te d\u2019Azur bedeutet: farbenfrohe Umz\u00fcge, mediterranes Klima, franz\u00f6sischer Lifestyle und eine unvergleichliche Atmosph\u00e4re. Ein Karneval, der nicht nur feuchtfr\u00f6hlich, sondern auch sonnig und stilvoll ist.\t\t\t\t\t\t\t\t<\/div>\n\t\t\t\t<\/div>\n\t\t\t\t<\/div>\n\t\t\t\t<\/div>\n\t\t","protected":false},"excerpt":{"rendered":"<p>Karneval muss nicht immer kalt, grau und regnerisch sein. Wer Lust auf ausgelassene Stimmung, farbenfrohe Umz\u00fcge und milde Temperaturen hat, sollte den Karneval an der C\u00f4te d\u2019Azur ganz oben auf die Bucket List setzen. Zwischen Mittelmeer, Palmen und Promenaden wird hier gefeiert, getanzt und gestaunt \u2013 und das mit franz\u00f6sischem Flair. Karneval C\u00f4te d\u2019Azur: Ein [&hellip;]<\/p>\n","protected":false},"author":2,"featured_media":8797,"comment_status":"open","ping_status":"closed","sticky":false,"template":"","format":"standard","meta":{"_acf_changed":false,"footnotes":""},"categories":[31,21],"tags":[],"class_list":["post-8668","post","type-post","status-publish","format-standard","has-post-thumbnail","hentry","category-hotspots","category-inspiration"],"acf":[],"yoast_head":"<!-- This site is optimized with the Yoast SEO Premium plugin v24.5 (Yoast SEO v26.5) - https:\/\/yoast.com\/wordpress\/plugins\/seo\/ -->\n<title>Konfetti trifft C\u00f4te d\u2019Azur: Karneval feiern unter Palmen - ltur Reiseblog<\/title>\n<meta name=\"description\" content=\"Erlebe Karneval mal anders: An der C\u00f4te d\u2019Azur scheint die Sonne, die Temperaturen sind mild und die Party wird einfach unvergesslich!\" \/>\n<meta name=\"robots\" content=\"index, follow, max-snippet:-1, max-image-preview:large, max-video-preview:-1\" \/>\n<link rel=\"canonical\" href=\"https:\/\/www.ltur.com\/de\/blog\/konfetti-trifft-cote-dazur-karneval-feiern-unter-palmen\/\" \/>\n<meta property=\"og:locale\" content=\"de_DE\" \/>\n<meta property=\"og:type\" content=\"article\" \/>\n<meta property=\"og:title\" content=\"Konfetti trifft C\u00f4te d\u2019Azur: Karneval feiern unter Palmen\" \/>\n<meta property=\"og:description\" content=\"Erlebe Karneval mal anders: An der C\u00f4te d\u2019Azur scheint die Sonne, die Temperaturen sind mild und die Party wird einfach unvergesslich!\" \/>\n<meta property=\"og:url\" content=\"https:\/\/www.ltur.com\/de\/blog\/konfetti-trifft-cote-dazur-karneval-feiern-unter-palmen\/\" \/>\n<meta property=\"og:site_name\" content=\"ltur Reiseblog\" \/>\n<meta property=\"article:published_time\" content=\"2026-01-20T12:32:56+00:00\" \/>\n<meta property=\"article:modified_time\" content=\"2026-01-20T12:32:57+00:00\" \/>\n<meta property=\"og:image\" content=\"https:\/\/www.ltur.com\/de\/blog\/wp-content\/uploads\/2026\/01\/Blog-Teaser_Karneval_Nizza_01.jpg\" \/>\n\t<meta property=\"og:image:width\" content=\"1600\" \/>\n\t<meta property=\"og:image:height\" content=\"550\" \/>\n\t<meta property=\"og:image:type\" content=\"image\/jpeg\" \/>\n<meta name=\"author\" content=\"Sarah D\u00fcrr\" \/>\n<meta name=\"twitter:card\" content=\"summary_large_image\" \/>\n<meta name=\"twitter:label1\" content=\"Verfasst von\" \/>\n\t<meta name=\"twitter:data1\" content=\"Sarah D\u00fcrr\" \/>\n\t<meta name=\"twitter:label2\" content=\"Gesch\u00e4tzte Lesezeit\" \/>\n\t<meta name=\"twitter:data2\" content=\"2\u00a0Minuten\" \/>\n<script type=\"application\/ld+json\" class=\"yoast-schema-graph\">{\"@context\":\"https:\/\/schema.org\",\"@graph\":[{\"@type\":\"Article\",\"@id\":\"https:\/\/www.ltur.com\/de\/blog\/konfetti-trifft-cote-dazur-karneval-feiern-unter-palmen\/#article\",\"isPartOf\":{\"@id\":\"https:\/\/www.ltur.com\/de\/blog\/konfetti-trifft-cote-dazur-karneval-feiern-unter-palmen\/\"},\"author\":{\"name\":\"Sarah D\u00fcrr\",\"@id\":\"https:\/\/www.ltur.com\/de\/blog\/#\/schema\/person\/0821a74c66b3d114c8243766e09f26f5\"},\"headline\":\"Konfetti trifft C\u00f4te d\u2019Azur: Karneval feiern unter Palmen\",\"datePublished\":\"2026-01-20T12:32:56+00:00\",\"dateModified\":\"2026-01-20T12:32:57+00:00\",\"mainEntityOfPage\":{\"@id\":\"https:\/\/www.ltur.com\/de\/blog\/konfetti-trifft-cote-dazur-karneval-feiern-unter-palmen\/\"},\"wordCount\":368,\"commentCount\":0,\"publisher\":{\"@id\":\"https:\/\/www.ltur.com\/de\/blog\/#organization\"},\"image\":{\"@id\":\"https:\/\/www.ltur.com\/de\/blog\/konfetti-trifft-cote-dazur-karneval-feiern-unter-palmen\/#primaryimage\"},\"thumbnailUrl\":\"https:\/\/www.ltur.com\/de\/blog\/wp-content\/uploads\/2026\/01\/Blog-Teaser_Karneval_Nizza_01.webp\",\"articleSection\":[\"Hotspots\",\"Inspiration\"],\"inLanguage\":\"de\",\"potentialAction\":[{\"@type\":\"CommentAction\",\"name\":\"Comment\",\"target\":[\"https:\/\/www.ltur.com\/de\/blog\/konfetti-trifft-cote-dazur-karneval-feiern-unter-palmen\/#respond\"]}]},{\"@type\":\"WebPage\",\"@id\":\"https:\/\/www.ltur.com\/de\/blog\/konfetti-trifft-cote-dazur-karneval-feiern-unter-palmen\/\",\"url\":\"https:\/\/www.ltur.com\/de\/blog\/konfetti-trifft-cote-dazur-karneval-feiern-unter-palmen\/\",\"name\":\"Konfetti trifft C\u00f4te d\u2019Azur: Karneval feiern unter Palmen - ltur Reiseblog\",\"isPartOf\":{\"@id\":\"https:\/\/www.ltur.com\/de\/blog\/#website\"},\"primaryImageOfPage\":{\"@id\":\"https:\/\/www.ltur.com\/de\/blog\/konfetti-trifft-cote-dazur-karneval-feiern-unter-palmen\/#primaryimage\"},\"image\":{\"@id\":\"https:\/\/www.ltur.com\/de\/blog\/konfetti-trifft-cote-dazur-karneval-feiern-unter-palmen\/#primaryimage\"},\"thumbnailUrl\":\"https:\/\/www.ltur.com\/de\/blog\/wp-content\/uploads\/2026\/01\/Blog-Teaser_Karneval_Nizza_01.webp\",\"datePublished\":\"2026-01-20T12:32:56+00:00\",\"dateModified\":\"2026-01-20T12:32:57+00:00\",\"description\":\"Erlebe Karneval mal anders: An der C\u00f4te d\u2019Azur scheint die Sonne, die Temperaturen sind mild und die Party wird einfach unvergesslich!\",\"breadcrumb\":{\"@id\":\"https:\/\/www.ltur.com\/de\/blog\/konfetti-trifft-cote-dazur-karneval-feiern-unter-palmen\/#breadcrumb\"},\"inLanguage\":\"de\",\"potentialAction\":[{\"@type\":\"ReadAction\",\"target\":[\"https:\/\/www.ltur.com\/de\/blog\/konfetti-trifft-cote-dazur-karneval-feiern-unter-palmen\/\"]}]},{\"@type\":\"ImageObject\",\"inLanguage\":\"de\",\"@id\":\"https:\/\/www.ltur.com\/de\/blog\/konfetti-trifft-cote-dazur-karneval-feiern-unter-palmen\/#primaryimage\",\"url\":\"https:\/\/www.ltur.com\/de\/blog\/wp-content\/uploads\/2026\/01\/Blog-Teaser_Karneval_Nizza_01.webp\",\"contentUrl\":\"https:\/\/www.ltur.com\/de\/blog\/wp-content\/uploads\/2026\/01\/Blog-Teaser_Karneval_Nizza_01.webp\",\"width\":1600,\"height\":550,\"caption\":\"Nizzas K\u00fcste mit Konfetti\"},{\"@type\":\"BreadcrumbList\",\"@id\":\"https:\/\/www.ltur.com\/de\/blog\/konfetti-trifft-cote-dazur-karneval-feiern-unter-palmen\/#breadcrumb\",\"itemListElement\":[{\"@type\":\"ListItem\",\"position\":1,\"name\":\"Startseite\",\"item\":\"https:\/\/www.ltur.com\/de\/blog\/\"},{\"@type\":\"ListItem\",\"position\":2,\"name\":\"Konfetti trifft C\u00f4te d\u2019Azur: Karneval feiern unter Palmen\"}]},{\"@type\":\"WebSite\",\"@id\":\"https:\/\/www.ltur.com\/de\/blog\/#website\",\"url\":\"https:\/\/www.ltur.com\/de\/blog\/\",\"name\":\"ltur Reiseblog\",\"description\":\"Reisetipps und Inspiration\",\"publisher\":{\"@id\":\"https:\/\/www.ltur.com\/de\/blog\/#organization\"},\"alternateName\":\"l'tur Blog\",\"potentialAction\":[{\"@type\":\"SearchAction\",\"target\":{\"@type\":\"EntryPoint\",\"urlTemplate\":\"https:\/\/www.ltur.com\/de\/blog\/?s={search_term_string}\"},\"query-input\":{\"@type\":\"PropertyValueSpecification\",\"valueRequired\":true,\"valueName\":\"search_term_string\"}}],\"inLanguage\":\"de\"},{\"@type\":\"Organization\",\"@id\":\"https:\/\/www.ltur.com\/de\/blog\/#organization\",\"name\":\"ltur Reiseblog\",\"url\":\"https:\/\/www.ltur.com\/de\/blog\/\",\"logo\":{\"@type\":\"ImageObject\",\"inLanguage\":\"de\",\"@id\":\"https:\/\/www.ltur.com\/de\/blog\/#\/schema\/logo\/image\/\",\"url\":\"https:\/\/www.ltur.com\/de\/blog\/wp-content\/uploads\/2024\/04\/ltur_logo_white.svg\",\"contentUrl\":\"https:\/\/www.ltur.com\/de\/blog\/wp-content\/uploads\/2024\/04\/ltur_logo_white.svg\",\"caption\":\"ltur Reiseblog\"},\"image\":{\"@id\":\"https:\/\/www.ltur.com\/de\/blog\/#\/schema\/logo\/image\/\"}},{\"@type\":\"Person\",\"@id\":\"https:\/\/www.ltur.com\/de\/blog\/#\/schema\/person\/0821a74c66b3d114c8243766e09f26f5\",\"name\":\"Sarah D\u00fcrr\",\"image\":{\"@type\":\"ImageObject\",\"inLanguage\":\"de\",\"@id\":\"https:\/\/www.ltur.com\/de\/blog\/#\/schema\/person\/image\/\",\"url\":\"https:\/\/secure.gravatar.com\/avatar\/d9e366775b3112ce46826d336baf312cc4a90d668736b78f9fac2a340404c925?s=96&d=mm&r=g\",\"contentUrl\":\"https:\/\/secure.gravatar.com\/avatar\/d9e366775b3112ce46826d336baf312cc4a90d668736b78f9fac2a340404c925?s=96&d=mm&r=g\",\"caption\":\"Sarah D\u00fcrr\"},\"description\":\"Das st\u00e4ndige Fernweh treibt mich an, meine Reiseerlebnisse zu teilen und Menschen dazu zu inspirieren, die Welt mit eigenen Augen zu entdecken. Dabei ist es f\u00fcr mich besonders faszinierend, neue Hotels zu erkunden und in verschiedene Kulturen einzutauchen. Ob bei einem entspannten Strandurlaub, einem abenteuerlichen Skiausflug oder einem lebendigen St\u00e4dtetrip mit den besten Freunden \u2013 jede Reise er\u00f6ffnet uns nicht nur unvergessliche Momente, sondern auch die M\u00f6glichkeit, fremde Welten zu verstehen und zu sch\u00e4tzen.\",\"url\":\"https:\/\/www.ltur.com\/de\/blog\/author\/sarah-duerr\/\"}]}<\/script>\n<!-- \/ Yoast SEO Premium plugin. -->","yoast_head_json":{"title":"Konfetti trifft C\u00f4te d\u2019Azur: Karneval feiern unter Palmen - ltur Reiseblog","description":"Erlebe Karneval mal anders: An der C\u00f4te d\u2019Azur scheint die Sonne, die Temperaturen sind mild und die Party wird einfach unvergesslich!","robots":{"index":"index","follow":"follow","max-snippet":"max-snippet:-1","max-image-preview":"max-image-preview:large","max-video-preview":"max-video-preview:-1"},"canonical":"https:\/\/www.ltur.com\/de\/blog\/konfetti-trifft-cote-dazur-karneval-feiern-unter-palmen\/","og_locale":"de_DE","og_type":"article","og_title":"Konfetti trifft C\u00f4te d\u2019Azur: Karneval feiern unter Palmen","og_description":"Erlebe Karneval mal anders: An der C\u00f4te d\u2019Azur scheint die Sonne, die Temperaturen sind mild und die Party wird einfach unvergesslich!","og_url":"https:\/\/www.ltur.com\/de\/blog\/konfetti-trifft-cote-dazur-karneval-feiern-unter-palmen\/","og_site_name":"ltur Reiseblog","article_published_time":"2026-01-20T12:32:56+00:00","article_modified_time":"2026-01-20T12:32:57+00:00","og_image":[{"width":1600,"height":550,"url":"https:\/\/www.ltur.com\/de\/blog\/wp-content\/uploads\/2026\/01\/Blog-Teaser_Karneval_Nizza_01.jpg","type":"image\/jpeg"}],"author":"Sarah D\u00fcrr","twitter_card":"summary_large_image","twitter_misc":{"Verfasst von":"Sarah D\u00fcrr","Gesch\u00e4tzte Lesezeit":"2\u00a0Minuten"},"schema":{"@context":"https:\/\/schema.org","@graph":[{"@type":"Article","@id":"https:\/\/www.ltur.com\/de\/blog\/konfetti-trifft-cote-dazur-karneval-feiern-unter-palmen\/#article","isPartOf":{"@id":"https:\/\/www.ltur.com\/de\/blog\/konfetti-trifft-cote-dazur-karneval-feiern-unter-palmen\/"},"author":{"name":"Sarah D\u00fcrr","@id":"https:\/\/www.ltur.com\/de\/blog\/#\/schema\/person\/0821a74c66b3d114c8243766e09f26f5"},"headline":"Konfetti trifft C\u00f4te d\u2019Azur: Karneval feiern unter Palmen","datePublished":"2026-01-20T12:32:56+00:00","dateModified":"2026-01-20T12:32:57+00:00","mainEntityOfPage":{"@id":"https:\/\/www.ltur.com\/de\/blog\/konfetti-trifft-cote-dazur-karneval-feiern-unter-palmen\/"},"wordCount":368,"commentCount":0,"publisher":{"@id":"https:\/\/www.ltur.com\/de\/blog\/#organization"},"image":{"@id":"https:\/\/www.ltur.com\/de\/blog\/konfetti-trifft-cote-dazur-karneval-feiern-unter-palmen\/#primaryimage"},"thumbnailUrl":"https:\/\/www.ltur.com\/de\/blog\/wp-content\/uploads\/2026\/01\/Blog-Teaser_Karneval_Nizza_01.webp","articleSection":["Hotspots","Inspiration"],"inLanguage":"de","potentialAction":[{"@type":"CommentAction","name":"Comment","target":["https:\/\/www.ltur.com\/de\/blog\/konfetti-trifft-cote-dazur-karneval-feiern-unter-palmen\/#respond"]}]},{"@type":"WebPage","@id":"https:\/\/www.ltur.com\/de\/blog\/konfetti-trifft-cote-dazur-karneval-feiern-unter-palmen\/","url":"https:\/\/www.ltur.com\/de\/blog\/konfetti-trifft-cote-dazur-karneval-feiern-unter-palmen\/","name":"Konfetti trifft C\u00f4te d\u2019Azur: Karneval feiern unter Palmen - ltur Reiseblog","isPartOf":{"@id":"https:\/\/www.ltur.com\/de\/blog\/#website"},"primaryImageOfPage":{"@id":"https:\/\/www.ltur.com\/de\/blog\/konfetti-trifft-cote-dazur-karneval-feiern-unter-palmen\/#primaryimage"},"image":{"@id":"https:\/\/www.ltur.com\/de\/blog\/konfetti-trifft-cote-dazur-karneval-feiern-unter-palmen\/#primaryimage"},"thumbnailUrl":"https:\/\/www.ltur.com\/de\/blog\/wp-content\/uploads\/2026\/01\/Blog-Teaser_Karneval_Nizza_01.webp","datePublished":"2026-01-20T12:32:56+00:00","dateModified":"2026-01-20T12:32:57+00:00","description":"Erlebe Karneval mal anders: An der C\u00f4te d\u2019Azur scheint die Sonne, die Temperaturen sind mild und die Party wird einfach unvergesslich!","breadcrumb":{"@id":"https:\/\/www.ltur.com\/de\/blog\/konfetti-trifft-cote-dazur-karneval-feiern-unter-palmen\/#breadcrumb"},"inLanguage":"de","potentialAction":[{"@type":"ReadAction","target":["https:\/\/www.ltur.com\/de\/blog\/konfetti-trifft-cote-dazur-karneval-feiern-unter-palmen\/"]}]},{"@type":"ImageObject","inLanguage":"de","@id":"https:\/\/www.ltur.com\/de\/blog\/konfetti-trifft-cote-dazur-karneval-feiern-unter-palmen\/#primaryimage","url":"https:\/\/www.ltur.com\/de\/blog\/wp-content\/uploads\/2026\/01\/Blog-Teaser_Karneval_Nizza_01.webp","contentUrl":"https:\/\/www.ltur.com\/de\/blog\/wp-content\/uploads\/2026\/01\/Blog-Teaser_Karneval_Nizza_01.webp","width":1600,"height":550,"caption":"Nizzas K\u00fcste mit Konfetti"},{"@type":"BreadcrumbList","@id":"https:\/\/www.ltur.com\/de\/blog\/konfetti-trifft-cote-dazur-karneval-feiern-unter-palmen\/#breadcrumb","itemListElement":[{"@type":"ListItem","position":1,"name":"Startseite","item":"https:\/\/www.ltur.com\/de\/blog\/"},{"@type":"ListItem","position":2,"name":"Konfetti trifft C\u00f4te d\u2019Azur: Karneval feiern unter Palmen"}]},{"@type":"WebSite","@id":"https:\/\/www.ltur.com\/de\/blog\/#website","url":"https:\/\/www.ltur.com\/de\/blog\/","name":"ltur Reiseblog","description":"Reisetipps und Inspiration","publisher":{"@id":"https:\/\/www.ltur.com\/de\/blog\/#organization"},"alternateName":"l'tur Blog","potentialAction":[{"@type":"SearchAction","target":{"@type":"EntryPoint","urlTemplate":"https:\/\/www.ltur.com\/de\/blog\/?s={search_term_string}"},"query-input":{"@type":"PropertyValueSpecification","valueRequired":true,"valueName":"search_term_string"}}],"inLanguage":"de"},{"@type":"Organization","@id":"https:\/\/www.ltur.com\/de\/blog\/#organization","name":"ltur Reiseblog","url":"https:\/\/www.ltur.com\/de\/blog\/","logo":{"@type":"ImageObject","inLanguage":"de","@id":"https:\/\/www.ltur.com\/de\/blog\/#\/schema\/logo\/image\/","url":"https:\/\/www.ltur.com\/de\/blog\/wp-content\/uploads\/2024\/04\/ltur_logo_white.svg","contentUrl":"https:\/\/www.ltur.com\/de\/blog\/wp-content\/uploads\/2024\/04\/ltur_logo_white.svg","caption":"ltur Reiseblog"},"image":{"@id":"https:\/\/www.ltur.com\/de\/blog\/#\/schema\/logo\/image\/"}},{"@type":"Person","@id":"https:\/\/www.ltur.com\/de\/blog\/#\/schema\/person\/0821a74c66b3d114c8243766e09f26f5","name":"Sarah D\u00fcrr","image":{"@type":"ImageObject","inLanguage":"de","@id":"https:\/\/www.ltur.com\/de\/blog\/#\/schema\/person\/image\/","url":"https:\/\/secure.gravatar.com\/avatar\/d9e366775b3112ce46826d336baf312cc4a90d668736b78f9fac2a340404c925?s=96&d=mm&r=g","contentUrl":"https:\/\/secure.gravatar.com\/avatar\/d9e366775b3112ce46826d336baf312cc4a90d668736b78f9fac2a340404c925?s=96&d=mm&r=g","caption":"Sarah D\u00fcrr"},"description":"Das st\u00e4ndige Fernweh treibt mich an, meine Reiseerlebnisse zu teilen und Menschen dazu zu inspirieren, die Welt mit eigenen Augen zu entdecken. Dabei ist es f\u00fcr mich besonders faszinierend, neue Hotels zu erkunden und in verschiedene Kulturen einzutauchen. Ob bei einem entspannten Strandurlaub, einem abenteuerlichen Skiausflug oder einem lebendigen St\u00e4dtetrip mit den besten Freunden \u2013 jede Reise er\u00f6ffnet uns nicht nur unvergessliche Momente, sondern auch die M\u00f6glichkeit, fremde Welten zu verstehen und zu sch\u00e4tzen.","url":"https:\/\/www.ltur.com\/de\/blog\/author\/sarah-duerr\/"}]}},"_links":{"self":[{"href":"https:\/\/www.ltur.com\/de\/blog\/wp-json\/wp\/v2\/posts\/8668","targetHints":{"allow":["GET"]}}],"collection":[{"href":"https:\/\/www.ltur.com\/de\/blog\/wp-json\/wp\/v2\/posts"}],"about":[{"href":"https:\/\/www.ltur.com\/de\/blog\/wp-json\/wp\/v2\/types\/post"}],"author":[{"embeddable":true,"href":"https:\/\/www.ltur.com\/de\/blog\/wp-json\/wp\/v2\/users\/2"}],"replies":[{"embeddable":true,"href":"https:\/\/www.ltur.com\/de\/blog\/wp-json\/wp\/v2\/comments?post=8668"}],"version-history":[{"count":19,"href":"https:\/\/www.ltur.com\/de\/blog\/wp-json\/wp\/v2\/posts\/8668\/revisions"}],"predecessor-version":[{"id":8737,"href":"https:\/\/www.ltur.com\/de\/blog\/wp-json\/wp\/v2\/posts\/8668\/revisions\/8737"}],"wp:featuredmedia":[{"embeddable":true,"href":"https:\/\/www.ltur.com\/de\/blog\/wp-json\/wp\/v2\/media\/8797"}],"wp:attachment":[{"href":"https:\/\/www.ltur.com\/de\/blog\/wp-json\/wp\/v2\/media?parent=8668"}],"wp:term":[{"taxonomy":"category","embeddable":true,"href":"https:\/\/www.ltur.com\/de\/blog\/wp-json\/wp\/v2\/categories?post=8668"},{"taxonomy":"post_tag","embeddable":true,"href":"https:\/\/www.ltur.com\/de\/blog\/wp-json\/wp\/v2\/tags?post=8668"}],"curies":[{"name":"wp","href":"https:\/\/api.w.org\/{rel}","templated":true}]}}