{"id":8501,"date":"2025-12-09T14:21:09","date_gmt":"2025-12-09T14:21:09","guid":{"rendered":"https:\/\/www.ltur.com\/de\/blog\/?p=8501"},"modified":"2025-12-09T14:22:26","modified_gmt":"2025-12-09T14:22:26","slug":"koenigscard-dein-erlebnisurlaub-im-allgaeu-oberbayern-tirol","status":"publish","type":"post","link":"https:\/\/www.ltur.com\/de\/blog\/koenigscard-dein-erlebnisurlaub-im-allgaeu-oberbayern-tirol\/","title":{"rendered":"K\u00f6nigscard: Dein Erlebnisurlaub im Allg\u00e4u, Oberbayern &amp; Tirol"},"content":{"rendered":"<div id=\"bsf_rt_marker\"><\/div>\t\t<div data-elementor-type=\"wp-post\" data-elementor-id=\"8501\" class=\"elementor elementor-8501\" data-elementor-post-type=\"post\">\n\t\t\t\t<div class=\"elementor-element elementor-element-916271e e-con-full e-flex e-con e-parent\" data-id=\"916271e\" data-element_type=\"container\">\n\t\t\t\t<div class=\"elementor-element elementor-element-848602f elementor-widget elementor-widget-text-editor\" data-id=\"848602f\" data-element_type=\"widget\" data-widget_type=\"text-editor.default\">\n\t\t\t\t<div class=\"elementor-widget-container\">\n\t\t\t\t\t\t\t\t\t<p>Du wachst inmitten herrlicher Bergluft auf, dein Blick schweift \u00fcber gr\u00fcne Almen oder schneebedeckte Gipfel und du wei\u00dft, heute steht dir ein ganzer Tag voller M\u00f6glichkeiten offen. Ganz ohne Zusatzkosten. Genau das ist mit der K\u00f6nigscard m\u00f6glich!<\/p><p>Diese kostenlose G\u00e4stekarte ist dein Eintritt in eine Welt voller Ausfl\u00fcge, Naturerlebnisse, Wellnessmomente und Familienspa\u00df \u2013 alles inklusive. Und das Beste: Auch bei ltur kannst du dir genau diesen Traumurlaub sichern.<\/p>\t\t\t\t\t\t\t\t<\/div>\n\t\t\t\t<\/div>\n\t\t\t\t<\/div>\n\t\t<div class=\"elementor-element elementor-element-efaec54 e-con-full e-flex e-con e-parent\" data-id=\"efaec54\" data-element_type=\"container\">\n\t\t\t\t<div class=\"elementor-element elementor-element-23d45e0 elementor-widget elementor-widget-heading\" data-id=\"23d45e0\" data-element_type=\"widget\" data-widget_type=\"heading.default\">\n\t\t\t\t<div class=\"elementor-widget-container\">\n\t\t\t\t\t<h2 class=\"elementor-heading-title elementor-size-default\">Was ist die K\u00f6nigscard?<\/h2>\t\t\t\t<\/div>\n\t\t\t\t<\/div>\n\t\t\t\t<div class=\"elementor-element elementor-element-47a8411 elementor-widget elementor-widget-text-editor\" data-id=\"47a8411\" data-element_type=\"widget\" data-widget_type=\"text-editor.default\">\n\t\t\t\t<div class=\"elementor-widget-container\">\n\t\t\t\t\t\t\t\t\t<p>Die K\u00f6nigscard ist dein pers\u00f6nlicher Erlebnispass \u2013 exklusiv f\u00fcr G\u00e4ste ausgew\u00e4hlter Unterk\u00fcnfte in den Regionen Allg\u00e4u, Tirol und Oberbayern. Schon beim Check-in erh\u00e4ltst du die Karte kostenlos, wenn du in einem teilnehmenden Hotel oder Ferienpark unterkommst. Von diesem Moment an hast du Zugang zu mehr als 200 kostenfreien Freizeitangeboten \u2013 von Bergbahnen \u00fcber Museen bis hin zu Thermen und E-Bikes. Und das ganz ohne Limit: So oft du willst, solange du Urlaub machst.<\/p>\t\t\t\t\t\t\t\t<\/div>\n\t\t\t\t<\/div>\n\t\t\t\t<\/div>\n\t\t<div class=\"elementor-element elementor-element-eda47eb e-con-full e-flex e-con e-parent\" data-id=\"eda47eb\" data-element_type=\"container\">\n\t\t\t\t<div class=\"elementor-element elementor-element-53983b7 elementor-widget elementor-widget-heading\" data-id=\"53983b7\" data-element_type=\"widget\" data-widget_type=\"heading.default\">\n\t\t\t\t<div class=\"elementor-widget-container\">\n\t\t\t\t\t<h2 class=\"elementor-heading-title elementor-size-default\">Urlaub mit Erlebnisgarantie \u2013 perfekt f\u00fcr Gro\u00df &amp; Klein<\/h2>\t\t\t\t<\/div>\n\t\t\t\t<\/div>\n\t\t\t\t<div class=\"elementor-element elementor-element-66df91b elementor-widget elementor-widget-text-editor\" data-id=\"66df91b\" data-element_type=\"widget\" data-widget_type=\"text-editor.default\">\n\t\t\t\t<div class=\"elementor-widget-container\">\n\t\t\t\t\t\t\t\t\t<p>Egal, ob du allein reist, mit deinem Partner oder der ganzen Familie \u2013 mit der K\u00f6nigskarte wird jeder Urlaubstag besonders. Du kannst morgens mit der Seilbahn auf den Gipfel schweben, mittags durch ein Freilichtmuseum schlendern, am Nachmittag eine entspannte Runde Minigolf spielen und den Tag in der Sauna ausklingen lassen. Und das alles, ohne auch nur einmal dein Portemonnaie z\u00fccken zu m\u00fcssen.<\/p><p>Gerade f\u00fcr Familien ist die K\u00f6nigscard ein echtes Highlight: Zahlreiche kindgerechte Aktivit\u00e4ten wie Sommerrodelbahnen, Tierparks, Schwimmb\u00e4der oder Indoor-Spielwelten machen die Ferien unvergesslich \u2013 und die Urlaubskasse freut sich auch.<\/p>\t\t\t\t\t\t\t\t<\/div>\n\t\t\t\t<\/div>\n\t\t\t\t<\/div>\n\t\t<div class=\"elementor-element elementor-element-a6fe550 e-con-full e-flex e-con e-parent\" data-id=\"a6fe550\" data-element_type=\"container\">\n\t\t\t\t<div class=\"elementor-element elementor-element-0651975 elementor-widget elementor-widget-heading\" data-id=\"0651975\" data-element_type=\"widget\" data-widget_type=\"heading.default\">\n\t\t\t\t<div class=\"elementor-widget-container\">\n\t\t\t\t\t<h2 class=\"elementor-heading-title elementor-size-default\">Auch bei ltur buchbar? Na klar!<\/h2>\t\t\t\t<\/div>\n\t\t\t\t<\/div>\n\t\t\t\t<div class=\"elementor-element elementor-element-9594e66 elementor-widget elementor-widget-text-editor\" data-id=\"9594e66\" data-element_type=\"widget\" data-widget_type=\"text-editor.default\">\n\t\t\t\t<div class=\"elementor-widget-container\">\n\t\t\t\t\t\t\t\t\t<p>Viele Gastgeber, die die K\u00f6nigscard anbieten, findest du auch bei ltur. Besonders in den Regionen rund um F\u00fcssen, Pfronten, Nesselwang, Bad Kohlgrub oder Reutte warten tolle Unterk\u00fcnfte auf dich.<\/p><p>Du kannst also wie gewohnt ganz bequem deinen ltur-Urlaub buchen \u2013 und dabei ganz nebenbei von den Vorteilen der K\u00f6nigscard profitieren.\u00a0<\/p><p><strong>Wichtig:<\/strong> Achte bei der Hotelbeschreibung auf den Hinweis zur Karte oder frag einfach vorab beim Hotel nach, ob die K\u00f6nigscard inklusive ist. So sicherst du dir ein echtes Upgrade f\u00fcr deinen Urlaub \u2013 ohne Mehrkosten.<\/p>\t\t\t\t\t\t\t\t<\/div>\n\t\t\t\t<\/div>\n\t\t\t\t<div class=\"elementor-element elementor-element-c4f8dea elementor-widget elementor-widget-heading\" data-id=\"c4f8dea\" data-element_type=\"widget\" data-widget_type=\"heading.default\">\n\t\t\t\t<div class=\"elementor-widget-container\">\n\t\t\t\t\t<h3 class=\"elementor-heading-title elementor-size-default\">Diese Unterk\u00fcnfte bieten die K\u00f6nigscard beispielsweise an: <\/h3>\t\t\t\t<\/div>\n\t\t\t\t<\/div>\n\t\t<div class=\"elementor-element elementor-element-acc8219 e-flex e-con-boxed e-con e-child\" data-id=\"acc8219\" data-element_type=\"container\">\n\t\t\t\t\t<div class=\"e-con-inner\">\n\t\t<div class=\"elementor-element elementor-element-bf128e0 e-con-full e-flex e-con e-child\" data-id=\"bf128e0\" data-element_type=\"container\" data-settings=\"{&quot;background_background&quot;:&quot;classic&quot;}\">\n\t\t\t\t<\/div>\n\t\t<div class=\"elementor-element elementor-element-a16ea96 e-con-full e-flex e-con e-child\" data-id=\"a16ea96\" data-element_type=\"container\" data-settings=\"{&quot;background_background&quot;:&quot;classic&quot;}\">\n\t\t\t\t<div class=\"elementor-element elementor-element-258bbe7 elementor-widget elementor-widget-text-editor\" data-id=\"258bbe7\" data-element_type=\"widget\" data-widget_type=\"text-editor.default\">\n\t\t\t\t<div class=\"elementor-widget-container\">\n\t\t\t\t\t\t\t\t\t<p>Im charmanten <a href=\"https:\/\/www.ltur.com\/de\/hotel\/familienhotel-loewen-199243\" target=\"_blank\">Familienhotel L\u00f6wen<\/a> in Tirol erlebst du nicht nur herzliche Gastfreundschaft und gem\u00fctliche Zimmer, sondern auch ganz viel Abenteuer. Perfekt f\u00fcr Familien, die viel erleben und dabei sparen m\u00f6chten. Ob im Winterurlaub oder zur warmen Jahreszeit: Dieses Hotel ist der ideale Ausgangspunkt f\u00fcr aktive, entspannte und abwechslungsreiche Tage in den Alpen.<\/p>\t\t\t\t\t\t\t\t<\/div>\n\t\t\t\t<\/div>\n\t\t\t\t<\/div>\n\t\t\t\t\t<\/div>\n\t\t\t\t<\/div>\n\t\t<div class=\"elementor-element elementor-element-2751adb e-flex e-con-boxed e-con e-child\" data-id=\"2751adb\" data-element_type=\"container\">\n\t\t\t\t\t<div class=\"e-con-inner\">\n\t\t<div class=\"elementor-element elementor-element-d3946e6 e-con-full e-flex e-con e-child\" data-id=\"d3946e6\" data-element_type=\"container\" data-settings=\"{&quot;background_background&quot;:&quot;classic&quot;}\">\n\t\t\t\t<div class=\"elementor-element elementor-element-6d7e573 elementor-widget elementor-widget-text-editor\" data-id=\"6d7e573\" data-element_type=\"widget\" data-widget_type=\"text-editor.default\">\n\t\t\t\t<div class=\"elementor-widget-container\">\n\t\t\t\t\t\t\t\t\t<p>Das <a href=\"https:\/\/www.ltur.com\/de\/hotel\/landhotel-seeg-21360\" target=\"_blank\">Landhotel Seeg<\/a> im idyllischen Allg\u00e4u ist der perfekte Ort f\u00fcr alle, die Erholung in der Natur mit abwechslungsreichen Erlebnissen verbinden m\u00f6chten. Nach einem aktiven Tag l\u00e4sst es sich in der gem\u00fctlichen Atmosph\u00e4re des Hotels wunderbar entspannen. So f\u00fchlt sich echter Allg\u00e4u-Urlaub an \u2013 unkompliziert, erlebnisreich und ganz besonders.<\/p>\t\t\t\t\t\t\t\t<\/div>\n\t\t\t\t<\/div>\n\t\t\t\t<\/div>\n\t\t<div class=\"elementor-element elementor-element-41842ff e-con-full e-flex e-con e-child\" data-id=\"41842ff\" data-element_type=\"container\" data-settings=\"{&quot;background_background&quot;:&quot;classic&quot;}\">\n\t\t\t\t<\/div>\n\t\t\t\t\t<\/div>\n\t\t\t\t<\/div>\n\t\t\t\t<\/div>\n\t\t<div class=\"elementor-element elementor-element-52a1ba2 e-con-full e-flex e-con e-parent\" data-id=\"52a1ba2\" data-element_type=\"container\">\n\t\t\t\t<div class=\"elementor-element elementor-element-c3a49b5 elementor-widget elementor-widget-heading\" data-id=\"c3a49b5\" data-element_type=\"widget\" data-widget_type=\"heading.default\">\n\t\t\t\t<div class=\"elementor-widget-container\">\n\t\t\t\t\t<h2 class=\"elementor-heading-title elementor-size-default\">Beispiele f\u00fcr deine Urlaubserlebnisse mit der K\u00f6nigscard<\/h2>\t\t\t\t<\/div>\n\t\t\t\t<\/div>\n\t\t\t\t<div class=\"elementor-element elementor-element-257dd76 elementor-widget elementor-widget-text-editor\" data-id=\"257dd76\" data-element_type=\"widget\" data-widget_type=\"text-editor.default\">\n\t\t\t\t<div class=\"elementor-widget-container\">\n\t\t\t\t\t\t\t\t\t<p>An einem Tag Bergpanorama, am n\u00e4chsten Kultur oder Entspannung? Mit der K\u00f6nigscard brauchst du dich nicht entscheiden:<\/p><ul><li>Bergbahnen &amp; Lifte: Freie Fahrt \u2013 z.\u202fB. mit der Alpspitzbahn, Breitenbergbahn oder ins Wandergebiet Reuttener Seilbahnen.<\/li><li>Thermen &amp; Erlebnisb\u00e4der: Freier Eintritt z.\u202fB. in die Alpspitz-Bade-Center, das Vitalium Bad W\u00f6rishofen oder die K\u00f6nigliche Kristall-Therme.<\/li><li>E-Bike-Verleih &amp; Sport: Leih dir ein E-Bike oder entdecke gef\u00fchrte Wandertouren und Kletterg\u00e4rten.<\/li><li>Museen &amp; Kultur: Erkunde historische D\u00f6rfer, Glash\u00fctten oder Naturzentren \u2013 ideal auch f\u00fcr Regentage.<\/li><\/ul>\t\t\t\t\t\t\t\t<\/div>\n\t\t\t\t<\/div>\n\t\t\t\t<div class=\"elementor-element elementor-element-c325e45 elementor-widget elementor-widget-text-editor\" data-id=\"c325e45\" data-element_type=\"widget\" data-widget_type=\"text-editor.default\">\n\t\t\t\t<div class=\"elementor-widget-container\">\n\t\t\t\t\t\t\t\t\t<p>Du kannst dir jeden Tag neu aussuchen, worauf du Lust hast \u2013 ohne lange zu planen oder extra zu zahlen.<\/p><p>Eine vollst\u00e4ndige Liste findest du <a href=\"https:\/\/www.koenigscard.com\/\" target=\"_blank\">hier.<\/a>\u00a0<\/p>\t\t\t\t\t\t\t\t<\/div>\n\t\t\t\t<\/div>\n\t\t<div class=\"elementor-element elementor-element-9ee94b8 e-con-full e-flex e-con e-child\" data-id=\"9ee94b8\" data-element_type=\"container\">\n\t\t\t\t<div class=\"elementor-element elementor-element-1a2bed6 elementor-widget elementor-widget-heading\" data-id=\"1a2bed6\" data-element_type=\"widget\" data-widget_type=\"heading.default\">\n\t\t\t\t<div class=\"elementor-widget-container\">\n\t\t\t\t\t<h2 class=\"elementor-heading-title elementor-size-default\">Fazit: Mit der K\u00f6nigscard mehr erleben \u2013 und bei ltur buchen<\/h2>\t\t\t\t<\/div>\n\t\t\t\t<\/div>\n\t\t\t\t<div class=\"elementor-element elementor-element-1be2f13 elementor-widget elementor-widget-text-editor\" data-id=\"1be2f13\" data-element_type=\"widget\" data-widget_type=\"text-editor.default\">\n\t\t\t\t<div class=\"elementor-widget-container\">\n\t\t\t\t\t\t\t\t\t<p>Ein Urlaub mit der K\u00f6nigscard ist wie ein All-Inclusive-Abenteuer in den Bergen: Du bekommst nicht nur eine Unterkunft, sondern gleich ein ganzes Paket voller kostenloser Erlebnisse dazu. Und das Beste? Du musst nicht lange suchen \u2013 viele ltur-Angebote f\u00fchren dich genau in diese Regionen, in denen die K\u00f6nigscard auf dich wartet.<\/p><p>Also: Einfach buchen, einchecken und loserleben. Dein Urlaub in Oberbayern, Tirol oder dem Allg\u00e4u wartet \u2013 und mit der K\u00f6nigscard wird er so vielseitig, erlebnisreich und entspannt wie nie.<\/p>\t\t\t\t\t\t\t\t<\/div>\n\t\t\t\t<\/div>\n\t\t\t\t<\/div>\n\t\t\t\t<\/div>\n\t\t\t\t<\/div>\n\t\t","protected":false},"excerpt":{"rendered":"<p>Du wachst inmitten herrlicher Bergluft auf, dein Blick schweift \u00fcber gr\u00fcne Almen oder schneebedeckte Gipfel und du wei\u00dft, heute steht dir ein ganzer Tag voller M\u00f6glichkeiten offen. Ganz ohne Zusatzkosten. Genau das ist mit der K\u00f6nigscard m\u00f6glich! Diese kostenlose G\u00e4stekarte ist dein Eintritt in eine Welt voller Ausfl\u00fcge, Naturerlebnisse, Wellnessmomente und Familienspa\u00df \u2013 alles inklusive. [&hellip;]<\/p>\n","protected":false},"author":2,"featured_media":8524,"comment_status":"open","ping_status":"closed","sticky":false,"template":"","format":"standard","meta":{"_acf_changed":false,"footnotes":""},"categories":[32,17],"tags":[],"class_list":["post-8501","post","type-post","status-publish","format-standard","has-post-thumbnail","hentry","category-berge","category-entdecken"],"acf":[],"yoast_head":"<!-- This site is optimized with the Yoast SEO Premium plugin v24.5 (Yoast SEO v26.5) - https:\/\/yoast.com\/wordpress\/plugins\/seo\/ -->\n<title>K\u00f6nigscard: Dein Erlebnisurlaub im Allg\u00e4u, Oberbayern &amp; Tirol - ltur Reiseblog<\/title>\n<meta name=\"description\" content=\"Kennst du schon die K\u00f6nigscard? Wenn nicht, dann solltest du diesen Blog unbedingt lesen, wenn du auf Urlaub in den Bergen stehst!\" \/>\n<meta name=\"robots\" content=\"index, follow, max-snippet:-1, max-image-preview:large, max-video-preview:-1\" \/>\n<link rel=\"canonical\" href=\"https:\/\/www.ltur.com\/de\/blog\/koenigscard-dein-erlebnisurlaub-im-allgaeu-oberbayern-tirol\/\" \/>\n<meta property=\"og:locale\" content=\"de_DE\" \/>\n<meta property=\"og:type\" content=\"article\" \/>\n<meta property=\"og:title\" content=\"K\u00f6nigscard: Dein Erlebnisurlaub im Allg\u00e4u, Oberbayern &amp; Tirol\" \/>\n<meta property=\"og:description\" content=\"Kennst du schon die K\u00f6nigscard? Wenn nicht, dann solltest du diesen Blog unbedingt lesen, wenn du auf Urlaub in den Bergen stehst!\" \/>\n<meta property=\"og:url\" content=\"https:\/\/www.ltur.com\/de\/blog\/koenigscard-dein-erlebnisurlaub-im-allgaeu-oberbayern-tirol\/\" \/>\n<meta property=\"og:site_name\" content=\"ltur Reiseblog\" \/>\n<meta property=\"article:published_time\" content=\"2025-12-09T14:21:09+00:00\" \/>\n<meta property=\"article:modified_time\" content=\"2025-12-09T14:22:26+00:00\" \/>\n<meta property=\"og:image\" content=\"https:\/\/www.ltur.com\/de\/blog\/wp-content\/uploads\/2025\/12\/Blog-Header-4.webp\" \/>\n\t<meta property=\"og:image:width\" content=\"1600\" \/>\n\t<meta property=\"og:image:height\" content=\"550\" \/>\n\t<meta property=\"og:image:type\" content=\"image\/webp\" \/>\n<meta name=\"author\" content=\"Sarah D\u00fcrr\" \/>\n<meta name=\"twitter:card\" content=\"summary_large_image\" \/>\n<meta name=\"twitter:label1\" content=\"Verfasst von\" \/>\n\t<meta name=\"twitter:data1\" content=\"Sarah D\u00fcrr\" \/>\n\t<meta name=\"twitter:label2\" content=\"Gesch\u00e4tzte Lesezeit\" \/>\n\t<meta name=\"twitter:data2\" content=\"4\u00a0Minuten\" \/>\n<script type=\"application\/ld+json\" class=\"yoast-schema-graph\">{\"@context\":\"https:\/\/schema.org\",\"@graph\":[{\"@type\":\"Article\",\"@id\":\"https:\/\/www.ltur.com\/de\/blog\/koenigscard-dein-erlebnisurlaub-im-allgaeu-oberbayern-tirol\/#article\",\"isPartOf\":{\"@id\":\"https:\/\/www.ltur.com\/de\/blog\/koenigscard-dein-erlebnisurlaub-im-allgaeu-oberbayern-tirol\/\"},\"author\":{\"name\":\"Sarah D\u00fcrr\",\"@id\":\"https:\/\/www.ltur.com\/de\/blog\/#\/schema\/person\/0821a74c66b3d114c8243766e09f26f5\"},\"headline\":\"K\u00f6nigscard: Dein Erlebnisurlaub im Allg\u00e4u, Oberbayern &amp; Tirol\",\"datePublished\":\"2025-12-09T14:21:09+00:00\",\"dateModified\":\"2025-12-09T14:22:26+00:00\",\"mainEntityOfPage\":{\"@id\":\"https:\/\/www.ltur.com\/de\/blog\/koenigscard-dein-erlebnisurlaub-im-allgaeu-oberbayern-tirol\/\"},\"wordCount\":705,\"commentCount\":0,\"publisher\":{\"@id\":\"https:\/\/www.ltur.com\/de\/blog\/#organization\"},\"image\":{\"@id\":\"https:\/\/www.ltur.com\/de\/blog\/koenigscard-dein-erlebnisurlaub-im-allgaeu-oberbayern-tirol\/#primaryimage\"},\"thumbnailUrl\":\"https:\/\/www.ltur.com\/de\/blog\/wp-content\/uploads\/2025\/12\/Blog-Header-4.webp\",\"articleSection\":[\"Berge\",\"Entdecken\"],\"inLanguage\":\"de\",\"potentialAction\":[{\"@type\":\"CommentAction\",\"name\":\"Comment\",\"target\":[\"https:\/\/www.ltur.com\/de\/blog\/koenigscard-dein-erlebnisurlaub-im-allgaeu-oberbayern-tirol\/#respond\"]}]},{\"@type\":\"WebPage\",\"@id\":\"https:\/\/www.ltur.com\/de\/blog\/koenigscard-dein-erlebnisurlaub-im-allgaeu-oberbayern-tirol\/\",\"url\":\"https:\/\/www.ltur.com\/de\/blog\/koenigscard-dein-erlebnisurlaub-im-allgaeu-oberbayern-tirol\/\",\"name\":\"K\u00f6nigscard: Dein Erlebnisurlaub im Allg\u00e4u, Oberbayern &amp; Tirol - ltur Reiseblog\",\"isPartOf\":{\"@id\":\"https:\/\/www.ltur.com\/de\/blog\/#website\"},\"primaryImageOfPage\":{\"@id\":\"https:\/\/www.ltur.com\/de\/blog\/koenigscard-dein-erlebnisurlaub-im-allgaeu-oberbayern-tirol\/#primaryimage\"},\"image\":{\"@id\":\"https:\/\/www.ltur.com\/de\/blog\/koenigscard-dein-erlebnisurlaub-im-allgaeu-oberbayern-tirol\/#primaryimage\"},\"thumbnailUrl\":\"https:\/\/www.ltur.com\/de\/blog\/wp-content\/uploads\/2025\/12\/Blog-Header-4.webp\",\"datePublished\":\"2025-12-09T14:21:09+00:00\",\"dateModified\":\"2025-12-09T14:22:26+00:00\",\"description\":\"Kennst du schon die K\u00f6nigscard? Wenn nicht, dann solltest du diesen Blog unbedingt lesen, wenn du auf Urlaub in den Bergen stehst!\",\"breadcrumb\":{\"@id\":\"https:\/\/www.ltur.com\/de\/blog\/koenigscard-dein-erlebnisurlaub-im-allgaeu-oberbayern-tirol\/#breadcrumb\"},\"inLanguage\":\"de\",\"potentialAction\":[{\"@type\":\"ReadAction\",\"target\":[\"https:\/\/www.ltur.com\/de\/blog\/koenigscard-dein-erlebnisurlaub-im-allgaeu-oberbayern-tirol\/\"]}]},{\"@type\":\"ImageObject\",\"inLanguage\":\"de\",\"@id\":\"https:\/\/www.ltur.com\/de\/blog\/koenigscard-dein-erlebnisurlaub-im-allgaeu-oberbayern-tirol\/#primaryimage\",\"url\":\"https:\/\/www.ltur.com\/de\/blog\/wp-content\/uploads\/2025\/12\/Blog-Header-4.webp\",\"contentUrl\":\"https:\/\/www.ltur.com\/de\/blog\/wp-content\/uploads\/2025\/12\/Blog-Header-4.webp\",\"width\":1600,\"height\":550,\"caption\":\"Bergpanorama im Allg\u00e4u\"},{\"@type\":\"BreadcrumbList\",\"@id\":\"https:\/\/www.ltur.com\/de\/blog\/koenigscard-dein-erlebnisurlaub-im-allgaeu-oberbayern-tirol\/#breadcrumb\",\"itemListElement\":[{\"@type\":\"ListItem\",\"position\":1,\"name\":\"Startseite\",\"item\":\"https:\/\/www.ltur.com\/de\/blog\/\"},{\"@type\":\"ListItem\",\"position\":2,\"name\":\"K\u00f6nigscard: Dein Erlebnisurlaub im Allg\u00e4u, Oberbayern &amp; Tirol\"}]},{\"@type\":\"WebSite\",\"@id\":\"https:\/\/www.ltur.com\/de\/blog\/#website\",\"url\":\"https:\/\/www.ltur.com\/de\/blog\/\",\"name\":\"ltur Reiseblog\",\"description\":\"Reisetipps und Inspiration\",\"publisher\":{\"@id\":\"https:\/\/www.ltur.com\/de\/blog\/#organization\"},\"alternateName\":\"l'tur Blog\",\"potentialAction\":[{\"@type\":\"SearchAction\",\"target\":{\"@type\":\"EntryPoint\",\"urlTemplate\":\"https:\/\/www.ltur.com\/de\/blog\/?s={search_term_string}\"},\"query-input\":{\"@type\":\"PropertyValueSpecification\",\"valueRequired\":true,\"valueName\":\"search_term_string\"}}],\"inLanguage\":\"de\"},{\"@type\":\"Organization\",\"@id\":\"https:\/\/www.ltur.com\/de\/blog\/#organization\",\"name\":\"ltur Reiseblog\",\"url\":\"https:\/\/www.ltur.com\/de\/blog\/\",\"logo\":{\"@type\":\"ImageObject\",\"inLanguage\":\"de\",\"@id\":\"https:\/\/www.ltur.com\/de\/blog\/#\/schema\/logo\/image\/\",\"url\":\"https:\/\/www.ltur.com\/de\/blog\/wp-content\/uploads\/2024\/04\/ltur_logo_white.svg\",\"contentUrl\":\"https:\/\/www.ltur.com\/de\/blog\/wp-content\/uploads\/2024\/04\/ltur_logo_white.svg\",\"caption\":\"ltur Reiseblog\"},\"image\":{\"@id\":\"https:\/\/www.ltur.com\/de\/blog\/#\/schema\/logo\/image\/\"}},{\"@type\":\"Person\",\"@id\":\"https:\/\/www.ltur.com\/de\/blog\/#\/schema\/person\/0821a74c66b3d114c8243766e09f26f5\",\"name\":\"Sarah D\u00fcrr\",\"image\":{\"@type\":\"ImageObject\",\"inLanguage\":\"de\",\"@id\":\"https:\/\/www.ltur.com\/de\/blog\/#\/schema\/person\/image\/\",\"url\":\"https:\/\/secure.gravatar.com\/avatar\/d9e366775b3112ce46826d336baf312cc4a90d668736b78f9fac2a340404c925?s=96&d=mm&r=g\",\"contentUrl\":\"https:\/\/secure.gravatar.com\/avatar\/d9e366775b3112ce46826d336baf312cc4a90d668736b78f9fac2a340404c925?s=96&d=mm&r=g\",\"caption\":\"Sarah D\u00fcrr\"},\"description\":\"Das st\u00e4ndige Fernweh treibt mich an, meine Reiseerlebnisse zu teilen und Menschen dazu zu inspirieren, die Welt mit eigenen Augen zu entdecken. Dabei ist es f\u00fcr mich besonders faszinierend, neue Hotels zu erkunden und in verschiedene Kulturen einzutauchen. Ob bei einem entspannten Strandurlaub, einem abenteuerlichen Skiausflug oder einem lebendigen St\u00e4dtetrip mit den besten Freunden \u2013 jede Reise er\u00f6ffnet uns nicht nur unvergessliche Momente, sondern auch die M\u00f6glichkeit, fremde Welten zu verstehen und zu sch\u00e4tzen.\",\"url\":\"https:\/\/www.ltur.com\/de\/blog\/author\/sarah-duerr\/\"}]}<\/script>\n<!-- \/ Yoast SEO Premium plugin. -->","yoast_head_json":{"title":"K\u00f6nigscard: Dein Erlebnisurlaub im Allg\u00e4u, Oberbayern &amp; Tirol - ltur Reiseblog","description":"Kennst du schon die K\u00f6nigscard? Wenn nicht, dann solltest du diesen Blog unbedingt lesen, wenn du auf Urlaub in den Bergen stehst!","robots":{"index":"index","follow":"follow","max-snippet":"max-snippet:-1","max-image-preview":"max-image-preview:large","max-video-preview":"max-video-preview:-1"},"canonical":"https:\/\/www.ltur.com\/de\/blog\/koenigscard-dein-erlebnisurlaub-im-allgaeu-oberbayern-tirol\/","og_locale":"de_DE","og_type":"article","og_title":"K\u00f6nigscard: Dein Erlebnisurlaub im Allg\u00e4u, Oberbayern &amp; Tirol","og_description":"Kennst du schon die K\u00f6nigscard? Wenn nicht, dann solltest du diesen Blog unbedingt lesen, wenn du auf Urlaub in den Bergen stehst!","og_url":"https:\/\/www.ltur.com\/de\/blog\/koenigscard-dein-erlebnisurlaub-im-allgaeu-oberbayern-tirol\/","og_site_name":"ltur Reiseblog","article_published_time":"2025-12-09T14:21:09+00:00","article_modified_time":"2025-12-09T14:22:26+00:00","og_image":[{"width":1600,"height":550,"url":"https:\/\/www.ltur.com\/de\/blog\/wp-content\/uploads\/2025\/12\/Blog-Header-4.webp","type":"image\/webp"}],"author":"Sarah D\u00fcrr","twitter_card":"summary_large_image","twitter_misc":{"Verfasst von":"Sarah D\u00fcrr","Gesch\u00e4tzte Lesezeit":"4\u00a0Minuten"},"schema":{"@context":"https:\/\/schema.org","@graph":[{"@type":"Article","@id":"https:\/\/www.ltur.com\/de\/blog\/koenigscard-dein-erlebnisurlaub-im-allgaeu-oberbayern-tirol\/#article","isPartOf":{"@id":"https:\/\/www.ltur.com\/de\/blog\/koenigscard-dein-erlebnisurlaub-im-allgaeu-oberbayern-tirol\/"},"author":{"name":"Sarah D\u00fcrr","@id":"https:\/\/www.ltur.com\/de\/blog\/#\/schema\/person\/0821a74c66b3d114c8243766e09f26f5"},"headline":"K\u00f6nigscard: Dein Erlebnisurlaub im Allg\u00e4u, Oberbayern &amp; Tirol","datePublished":"2025-12-09T14:21:09+00:00","dateModified":"2025-12-09T14:22:26+00:00","mainEntityOfPage":{"@id":"https:\/\/www.ltur.com\/de\/blog\/koenigscard-dein-erlebnisurlaub-im-allgaeu-oberbayern-tirol\/"},"wordCount":705,"commentCount":0,"publisher":{"@id":"https:\/\/www.ltur.com\/de\/blog\/#organization"},"image":{"@id":"https:\/\/www.ltur.com\/de\/blog\/koenigscard-dein-erlebnisurlaub-im-allgaeu-oberbayern-tirol\/#primaryimage"},"thumbnailUrl":"https:\/\/www.ltur.com\/de\/blog\/wp-content\/uploads\/2025\/12\/Blog-Header-4.webp","articleSection":["Berge","Entdecken"],"inLanguage":"de","potentialAction":[{"@type":"CommentAction","name":"Comment","target":["https:\/\/www.ltur.com\/de\/blog\/koenigscard-dein-erlebnisurlaub-im-allgaeu-oberbayern-tirol\/#respond"]}]},{"@type":"WebPage","@id":"https:\/\/www.ltur.com\/de\/blog\/koenigscard-dein-erlebnisurlaub-im-allgaeu-oberbayern-tirol\/","url":"https:\/\/www.ltur.com\/de\/blog\/koenigscard-dein-erlebnisurlaub-im-allgaeu-oberbayern-tirol\/","name":"K\u00f6nigscard: Dein Erlebnisurlaub im Allg\u00e4u, Oberbayern &amp; Tirol - ltur Reiseblog","isPartOf":{"@id":"https:\/\/www.ltur.com\/de\/blog\/#website"},"primaryImageOfPage":{"@id":"https:\/\/www.ltur.com\/de\/blog\/koenigscard-dein-erlebnisurlaub-im-allgaeu-oberbayern-tirol\/#primaryimage"},"image":{"@id":"https:\/\/www.ltur.com\/de\/blog\/koenigscard-dein-erlebnisurlaub-im-allgaeu-oberbayern-tirol\/#primaryimage"},"thumbnailUrl":"https:\/\/www.ltur.com\/de\/blog\/wp-content\/uploads\/2025\/12\/Blog-Header-4.webp","datePublished":"2025-12-09T14:21:09+00:00","dateModified":"2025-12-09T14:22:26+00:00","description":"Kennst du schon die K\u00f6nigscard? Wenn nicht, dann solltest du diesen Blog unbedingt lesen, wenn du auf Urlaub in den Bergen stehst!","breadcrumb":{"@id":"https:\/\/www.ltur.com\/de\/blog\/koenigscard-dein-erlebnisurlaub-im-allgaeu-oberbayern-tirol\/#breadcrumb"},"inLanguage":"de","potentialAction":[{"@type":"ReadAction","target":["https:\/\/www.ltur.com\/de\/blog\/koenigscard-dein-erlebnisurlaub-im-allgaeu-oberbayern-tirol\/"]}]},{"@type":"ImageObject","inLanguage":"de","@id":"https:\/\/www.ltur.com\/de\/blog\/koenigscard-dein-erlebnisurlaub-im-allgaeu-oberbayern-tirol\/#primaryimage","url":"https:\/\/www.ltur.com\/de\/blog\/wp-content\/uploads\/2025\/12\/Blog-Header-4.webp","contentUrl":"https:\/\/www.ltur.com\/de\/blog\/wp-content\/uploads\/2025\/12\/Blog-Header-4.webp","width":1600,"height":550,"caption":"Bergpanorama im Allg\u00e4u"},{"@type":"BreadcrumbList","@id":"https:\/\/www.ltur.com\/de\/blog\/koenigscard-dein-erlebnisurlaub-im-allgaeu-oberbayern-tirol\/#breadcrumb","itemListElement":[{"@type":"ListItem","position":1,"name":"Startseite","item":"https:\/\/www.ltur.com\/de\/blog\/"},{"@type":"ListItem","position":2,"name":"K\u00f6nigscard: Dein Erlebnisurlaub im Allg\u00e4u, Oberbayern &amp; Tirol"}]},{"@type":"WebSite","@id":"https:\/\/www.ltur.com\/de\/blog\/#website","url":"https:\/\/www.ltur.com\/de\/blog\/","name":"ltur Reiseblog","description":"Reisetipps und Inspiration","publisher":{"@id":"https:\/\/www.ltur.com\/de\/blog\/#organization"},"alternateName":"l'tur Blog","potentialAction":[{"@type":"SearchAction","target":{"@type":"EntryPoint","urlTemplate":"https:\/\/www.ltur.com\/de\/blog\/?s={search_term_string}"},"query-input":{"@type":"PropertyValueSpecification","valueRequired":true,"valueName":"search_term_string"}}],"inLanguage":"de"},{"@type":"Organization","@id":"https:\/\/www.ltur.com\/de\/blog\/#organization","name":"ltur Reiseblog","url":"https:\/\/www.ltur.com\/de\/blog\/","logo":{"@type":"ImageObject","inLanguage":"de","@id":"https:\/\/www.ltur.com\/de\/blog\/#\/schema\/logo\/image\/","url":"https:\/\/www.ltur.com\/de\/blog\/wp-content\/uploads\/2024\/04\/ltur_logo_white.svg","contentUrl":"https:\/\/www.ltur.com\/de\/blog\/wp-content\/uploads\/2024\/04\/ltur_logo_white.svg","caption":"ltur Reiseblog"},"image":{"@id":"https:\/\/www.ltur.com\/de\/blog\/#\/schema\/logo\/image\/"}},{"@type":"Person","@id":"https:\/\/www.ltur.com\/de\/blog\/#\/schema\/person\/0821a74c66b3d114c8243766e09f26f5","name":"Sarah D\u00fcrr","image":{"@type":"ImageObject","inLanguage":"de","@id":"https:\/\/www.ltur.com\/de\/blog\/#\/schema\/person\/image\/","url":"https:\/\/secure.gravatar.com\/avatar\/d9e366775b3112ce46826d336baf312cc4a90d668736b78f9fac2a340404c925?s=96&d=mm&r=g","contentUrl":"https:\/\/secure.gravatar.com\/avatar\/d9e366775b3112ce46826d336baf312cc4a90d668736b78f9fac2a340404c925?s=96&d=mm&r=g","caption":"Sarah D\u00fcrr"},"description":"Das st\u00e4ndige Fernweh treibt mich an, meine Reiseerlebnisse zu teilen und Menschen dazu zu inspirieren, die Welt mit eigenen Augen zu entdecken. Dabei ist es f\u00fcr mich besonders faszinierend, neue Hotels zu erkunden und in verschiedene Kulturen einzutauchen. Ob bei einem entspannten Strandurlaub, einem abenteuerlichen Skiausflug oder einem lebendigen St\u00e4dtetrip mit den besten Freunden \u2013 jede Reise er\u00f6ffnet uns nicht nur unvergessliche Momente, sondern auch die M\u00f6glichkeit, fremde Welten zu verstehen und zu sch\u00e4tzen.","url":"https:\/\/www.ltur.com\/de\/blog\/author\/sarah-duerr\/"}]}},"_links":{"self":[{"href":"https:\/\/www.ltur.com\/de\/blog\/wp-json\/wp\/v2\/posts\/8501","targetHints":{"allow":["GET"]}}],"collection":[{"href":"https:\/\/www.ltur.com\/de\/blog\/wp-json\/wp\/v2\/posts"}],"about":[{"href":"https:\/\/www.ltur.com\/de\/blog\/wp-json\/wp\/v2\/types\/post"}],"author":[{"embeddable":true,"href":"https:\/\/www.ltur.com\/de\/blog\/wp-json\/wp\/v2\/users\/2"}],"replies":[{"embeddable":true,"href":"https:\/\/www.ltur.com\/de\/blog\/wp-json\/wp\/v2\/comments?post=8501"}],"version-history":[{"count":25,"href":"https:\/\/www.ltur.com\/de\/blog\/wp-json\/wp\/v2\/posts\/8501\/revisions"}],"predecessor-version":[{"id":8577,"href":"https:\/\/www.ltur.com\/de\/blog\/wp-json\/wp\/v2\/posts\/8501\/revisions\/8577"}],"wp:featuredmedia":[{"embeddable":true,"href":"https:\/\/www.ltur.com\/de\/blog\/wp-json\/wp\/v2\/media\/8524"}],"wp:attachment":[{"href":"https:\/\/www.ltur.com\/de\/blog\/wp-json\/wp\/v2\/media?parent=8501"}],"wp:term":[{"taxonomy":"category","embeddable":true,"href":"https:\/\/www.ltur.com\/de\/blog\/wp-json\/wp\/v2\/categories?post=8501"},{"taxonomy":"post_tag","embeddable":true,"href":"https:\/\/www.ltur.com\/de\/blog\/wp-json\/wp\/v2\/tags?post=8501"}],"curies":[{"name":"wp","href":"https:\/\/api.w.org\/{rel}","templated":true}]}}