{"id":5287,"date":"2022-10-28T12:21:00","date_gmt":"2022-10-28T12:21:00","guid":{"rendered":"https:\/\/www.ltur.com\/?p=5287"},"modified":"2025-04-10T12:35:20","modified_gmt":"2025-04-10T12:35:20","slug":"der-perfekte-winterurlaub-ski-spass-in-den-bergen","status":"publish","type":"post","link":"https:\/\/www.ltur.com\/de\/blog\/der-perfekte-winterurlaub-ski-spass-in-den-bergen\/","title":{"rendered":"Der perfekte Winterurlaub: Ski-Spa\u00df in den Bergen"},"content":{"rendered":"<div id=\"bsf_rt_marker\"><\/div>\t\t<div data-elementor-type=\"wp-post\" data-elementor-id=\"5287\" class=\"elementor elementor-5287\" data-elementor-post-type=\"post\">\n\t\t\t\t<div class=\"elementor-element elementor-element-cd8678d e-con-full e-flex e-con e-parent\" data-id=\"cd8678d\" data-element_type=\"container\">\n\t\t\t\t<div class=\"elementor-element elementor-element-4f4f0cd elementor-widget elementor-widget-text-editor\" data-id=\"4f4f0cd\" data-element_type=\"widget\" data-widget_type=\"text-editor.default\">\n\t\t\t\t<div class=\"elementor-widget-container\">\n\t\t\t\t\t\t\t\t\t<p>Der Winter steht schon in den Startl\u00f6chern und damit kommt auch die Frage auf: Wohin geht die n\u00e4chste Reise? F\u00fcr einen perfekten Winterurlaub stelle ich dir meine Top 3 Winterreiseziele f\u00fcr maximalen Snowboard- und Ski-Spa\u00df in Deutschland, \u00d6sterreich und Frankreich vor!<\/p>\t\t\t\t\t\t\t\t<\/div>\n\t\t\t\t<\/div>\n\t\t\t\t<\/div>\n\t\t<div class=\"elementor-element elementor-element-88a9790 e-con-full e-flex e-con e-parent\" data-id=\"88a9790\" data-element_type=\"container\">\n\t\t\t\t<div class=\"elementor-element elementor-element-5d11f72 elementor-widget elementor-widget-heading\" data-id=\"5d11f72\" data-element_type=\"widget\" data-widget_type=\"heading.default\">\n\t\t\t\t<div class=\"elementor-widget-container\">\n\t\t\t\t\t<h2 class=\"elementor-heading-title elementor-size-default\">Oberstdorf, Deutschland<\/h2>\t\t\t\t<\/div>\n\t\t\t\t<\/div>\n\t\t\t\t<div class=\"elementor-element elementor-element-02c19bf elementor-widget elementor-widget-image\" data-id=\"02c19bf\" data-element_type=\"widget\" data-widget_type=\"image.default\">\n\t\t\t\t<div class=\"elementor-widget-container\">\n\t\t\t\t\t\t\t\t\t\t\t\t\t\t\t<img fetchpriority=\"high\" decoding=\"async\" width=\"800\" height=\"534\" src=\"https:\/\/www.ltur.com\/de\/blog\/wp-content\/uploads\/2025\/04\/Winterurlaub_Ski_Oberstdorf-1024x683.webp\" class=\"attachment-large size-large wp-image-5290\" alt=\"\" srcset=\"https:\/\/www.ltur.com\/de\/blog\/wp-content\/uploads\/2025\/04\/Winterurlaub_Ski_Oberstdorf-1024x683.webp 1024w, https:\/\/www.ltur.com\/de\/blog\/wp-content\/uploads\/2025\/04\/Winterurlaub_Ski_Oberstdorf-300x200.webp 300w, https:\/\/www.ltur.com\/de\/blog\/wp-content\/uploads\/2025\/04\/Winterurlaub_Ski_Oberstdorf-768x512.webp 768w, https:\/\/www.ltur.com\/de\/blog\/wp-content\/uploads\/2025\/04\/Winterurlaub_Ski_Oberstdorf.webp 1057w\" sizes=\"(max-width: 800px) 100vw, 800px\" \/>\t\t\t\t\t\t\t\t\t\t\t\t\t\t\t<\/div>\n\t\t\t\t<\/div>\n\t\t\t\t<div class=\"elementor-element elementor-element-3fd279d elementor-widget elementor-widget-text-editor\" data-id=\"3fd279d\" data-element_type=\"widget\" data-widget_type=\"text-editor.default\">\n\t\t\t\t<div class=\"elementor-widget-container\">\n\t\t\t\t\t\t\t\t\t<p>Dank der Vierschanzentournee, die jedes Jahr in Oberstdorf stattfindet, ist der kleine Ort im Allg\u00e4u mittlerweile weltbekannt. Rund um Oberstdorf findest du gleich mehrere Skigebiete, die sich teilweise bis nach \u00d6sterreich erstrecken. Hier ist garantiert f\u00fcr jeden etwas dabei \u2013 die unz\u00e4hligen Pisten versprechen Ski-Spa\u00df f\u00fcr Anf\u00e4nger, Fortgeschrittene und auch Profis!<\/p>\t\t\t\t\t\t\t\t<\/div>\n\t\t\t\t<\/div>\n\t\t\t\t<div class=\"elementor-element elementor-element-7eee798 elementor-widget elementor-widget-heading\" data-id=\"7eee798\" data-element_type=\"widget\" data-widget_type=\"heading.default\">\n\t\t\t\t<div class=\"elementor-widget-container\">\n\t\t\t\t\t<h3 class=\"elementor-heading-title elementor-size-default\">Hoteltipp:<\/h3>\t\t\t\t<\/div>\n\t\t\t\t<\/div>\n\t\t\t\t<div class=\"elementor-element elementor-element-d368897 elementor-widget elementor-widget-ltur_offer\" data-id=\"d368897\" data-element_type=\"widget\" data-widget_type=\"ltur_offer.default\">\n\t\t\t\t<div class=\"elementor-widget-container\">\n\t\t\t\t\t<embedded-hotel data-url=\"https:\/\/www.ltur.com\/de\/hotel\/hotel-filser-26434\" fallback-url=\"https:\/\/www.ltur.com\/de\/hotel\/deutschland\/sueden-deutschland\/bayern\/allgaeu?duration=10608&#038;options=1909,2601&#038;page=0&#038;size=10&#038;sorting=price\" image-link=\"https:\/\/gips.ltur.com\/gips\/scalr-webp\/original\/images.ltur.com\/images\/sonata_cms\/media\/heroteaser_full_3_3\/0001\/13\/thumb_12785_heroteaser_full_3_3_desktop.jpeg\"><\/embedded-hotel>\t\t\t\t<\/div>\n\t\t\t\t<\/div>\n\t\t\t\t<div class=\"elementor-element elementor-element-1e6ead4 elementor-widget elementor-widget-text-editor\" data-id=\"1e6ead4\" data-element_type=\"widget\" data-widget_type=\"text-editor.default\">\n\t\t\t\t<div class=\"elementor-widget-container\">\n\t\t\t\t\t\t\t\t\tDas familiengef\u00fchrte Hotel besteht aus einem Haupthaus sowie mehreren Ferienh\u00e4usern. Es bietet einen atemberaubenden Panoramablick auf die Alpen und ist nur 900 m von der Nebelhornbahn entfernt. Und auch das idyllische Stadtzentrum von Oberstdorf ist in wenigen Gehminuten zu erreichen.\t\t\t\t\t\t\t\t<\/div>\n\t\t\t\t<\/div>\n\t\t\t\t<\/div>\n\t\t<div class=\"elementor-element elementor-element-845abdc e-con-full e-flex e-con e-parent\" data-id=\"845abdc\" data-element_type=\"container\">\n\t\t\t\t<div class=\"elementor-element elementor-element-80b993e elementor-widget elementor-widget-heading\" data-id=\"80b993e\" data-element_type=\"widget\" data-widget_type=\"heading.default\">\n\t\t\t\t<div class=\"elementor-widget-container\">\n\t\t\t\t\t<h2 class=\"elementor-heading-title elementor-size-default\">Tirol, \u00d6sterreich<\/h2>\t\t\t\t<\/div>\n\t\t\t\t<\/div>\n\t\t\t\t<div class=\"elementor-element elementor-element-fb052bf elementor-widget elementor-widget-image\" data-id=\"fb052bf\" data-element_type=\"widget\" data-widget_type=\"image.default\">\n\t\t\t\t<div class=\"elementor-widget-container\">\n\t\t\t\t\t\t\t\t\t\t\t\t\t\t\t<img decoding=\"async\" width=\"800\" height=\"534\" src=\"https:\/\/www.ltur.com\/de\/blog\/wp-content\/uploads\/2025\/04\/Winterurlaub_Ski_Tirol-1024x683.webp\" class=\"attachment-large size-large wp-image-5291\" alt=\"\" srcset=\"https:\/\/www.ltur.com\/de\/blog\/wp-content\/uploads\/2025\/04\/Winterurlaub_Ski_Tirol-1024x683.webp 1024w, https:\/\/www.ltur.com\/de\/blog\/wp-content\/uploads\/2025\/04\/Winterurlaub_Ski_Tirol-300x200.webp 300w, https:\/\/www.ltur.com\/de\/blog\/wp-content\/uploads\/2025\/04\/Winterurlaub_Ski_Tirol-768x512.webp 768w, https:\/\/www.ltur.com\/de\/blog\/wp-content\/uploads\/2025\/04\/Winterurlaub_Ski_Tirol.webp 1057w\" sizes=\"(max-width: 800px) 100vw, 800px\" \/>\t\t\t\t\t\t\t\t\t\t\t\t\t\t\t<\/div>\n\t\t\t\t<\/div>\n\t\t\t\t<div class=\"elementor-element elementor-element-b8db3f8 elementor-widget elementor-widget-text-editor\" data-id=\"b8db3f8\" data-element_type=\"widget\" data-widget_type=\"text-editor.default\">\n\t\t\t\t<div class=\"elementor-widget-container\">\n\t\t\t\t\t\t\t\t\t<p>Unz\u00e4hlige Pisten, schneesichere Skigebiete und eine optimale Infrastruktur \u2013 damit punktet das \u00f6sterreichische Tirol. Ein Skigebiet reiht sich hier an das n\u00e4chste, sodass garantiert keine Langeweile aufkommt. Und auch Nicht-Skifahrer k\u00f6nnen hier einen tollen Winterurlaub verbringen: In den T\u00e4lern findest du s\u00fc\u00dfe St\u00e4dtchen mit einer gro\u00dfen Auswahl an Caf\u00e9s und Gesch\u00e4ften.\u00a0<\/p>\t\t\t\t\t\t\t\t<\/div>\n\t\t\t\t<\/div>\n\t\t\t\t<div class=\"elementor-element elementor-element-39df963 elementor-widget elementor-widget-heading\" data-id=\"39df963\" data-element_type=\"widget\" data-widget_type=\"heading.default\">\n\t\t\t\t<div class=\"elementor-widget-container\">\n\t\t\t\t\t<h3 class=\"elementor-heading-title elementor-size-default\">Hoteltipp:<\/h3>\t\t\t\t<\/div>\n\t\t\t\t<\/div>\n\t\t\t\t<div class=\"elementor-element elementor-element-9f0641b elementor-widget elementor-widget-ltur_offer\" data-id=\"9f0641b\" data-element_type=\"widget\" data-widget_type=\"ltur_offer.default\">\n\t\t\t\t<div class=\"elementor-widget-container\">\n\t\t\t\t\t<embedded-hotel data-url=\"https:\/\/www.ltur.com\/de\/hotel\/mitteleuropa\/oesterreich\/tirol-oesterreich\/kufstein?duration=10608&#038;options=1909&#038;page=0&#038;size=10&#038;sorting=price\" fallback-url=\"https:\/\/www.ltur.com\/de\/hotel\/mitteleuropa\/oesterreich\/tirol-oesterreich\/kufstein?duration=10608&#038;options=1909&#038;page=0&#038;size=10&#038;sorting=price\" image-link=\"https:\/\/gips.ltur.com\/gips\/scalr-webp\/original\/images.ltur.com\/images\/sonata_cms\/media\/heroteaser_full_3_3\/0001\/13\/thumb_12785_heroteaser_full_3_3_desktop.jpeg\"><\/embedded-hotel>\t\t\t\t<\/div>\n\t\t\t\t<\/div>\n\t\t\t\t<div class=\"elementor-element elementor-element-b341c02 elementor-widget elementor-widget-text-editor\" data-id=\"b341c02\" data-element_type=\"widget\" data-widget_type=\"text-editor.default\">\n\t\t\t\t<div class=\"elementor-widget-container\">\n\t\t\t\t\t\t\t\t\tDas Hotel \u00fcberzeugt durch seine ruhige Lage und verspricht Entspannung pur! Gleich zwei Innenpools und ein ger\u00e4umiger Wellnessbereich sorgen daf\u00fcr, dass du dich nach einem anstrengenden Ski-Tag optimal erholen kannst.\t\t\t\t\t\t\t\t<\/div>\n\t\t\t\t<\/div>\n\t\t\t\t<\/div>\n\t\t<div class=\"elementor-element elementor-element-8519239 e-con-full e-flex e-con e-parent\" data-id=\"8519239\" data-element_type=\"container\">\n\t\t\t\t<div class=\"elementor-element elementor-element-00c503b elementor-widget elementor-widget-heading\" data-id=\"00c503b\" data-element_type=\"widget\" data-widget_type=\"heading.default\">\n\t\t\t\t<div class=\"elementor-widget-container\">\n\t\t\t\t\t<h2 class=\"elementor-heading-title elementor-size-default\">Espace Lumi\u00e8re \u2013 Pra Loup\/Val d\u2019Allos, Frankreich<\/h2>\t\t\t\t<\/div>\n\t\t\t\t<\/div>\n\t\t\t\t<div class=\"elementor-element elementor-element-f919aaf elementor-widget elementor-widget-image\" data-id=\"f919aaf\" data-element_type=\"widget\" data-widget_type=\"image.default\">\n\t\t\t\t<div class=\"elementor-widget-container\">\n\t\t\t\t\t\t\t\t\t\t\t\t\t\t\t<img decoding=\"async\" width=\"800\" height=\"534\" src=\"https:\/\/www.ltur.com\/de\/blog\/wp-content\/uploads\/2025\/04\/Winterurlaub_Ski_Pra-Loup-1024x683.webp\" class=\"attachment-large size-large wp-image-5292\" alt=\"\" srcset=\"https:\/\/www.ltur.com\/de\/blog\/wp-content\/uploads\/2025\/04\/Winterurlaub_Ski_Pra-Loup-1024x683.webp 1024w, https:\/\/www.ltur.com\/de\/blog\/wp-content\/uploads\/2025\/04\/Winterurlaub_Ski_Pra-Loup-300x200.webp 300w, https:\/\/www.ltur.com\/de\/blog\/wp-content\/uploads\/2025\/04\/Winterurlaub_Ski_Pra-Loup-768x512.webp 768w, https:\/\/www.ltur.com\/de\/blog\/wp-content\/uploads\/2025\/04\/Winterurlaub_Ski_Pra-Loup.webp 1057w\" sizes=\"(max-width: 800px) 100vw, 800px\" \/>\t\t\t\t\t\t\t\t\t\t\t\t\t\t\t<\/div>\n\t\t\t\t<\/div>\n\t\t\t\t<div class=\"elementor-element elementor-element-0889e5e elementor-widget elementor-widget-text-editor\" data-id=\"0889e5e\" data-element_type=\"widget\" data-widget_type=\"text-editor.default\">\n\t\t\t\t<div class=\"elementor-widget-container\">\n\t\t\t\t\t\t\t\t\t<p>Das Wintersportgebiet in den franz\u00f6sischen Alpen bietet fantastische M\u00f6glichkeiten: 180 Pistenkilometer, 36 Lifte und ein wundersch\u00f6nes Alpenpanorama sorgen f\u00fcr unvergessliche Skitage! Das Skigebiet liegt auf einer H\u00f6he von 1.608 m bis zu 2.576 m und grenzt direkt an das beschauliche \u00d6rtchen Pra Loup. Hier findest du zahlreiche Restaurants, Bars und Einkaufsm\u00f6glichkeiten.<\/p>\t\t\t\t\t\t\t\t<\/div>\n\t\t\t\t<\/div>\n\t\t\t\t<div class=\"elementor-element elementor-element-45f7076 elementor-widget elementor-widget-heading\" data-id=\"45f7076\" data-element_type=\"widget\" data-widget_type=\"heading.default\">\n\t\t\t\t<div class=\"elementor-widget-container\">\n\t\t\t\t\t<h3 class=\"elementor-heading-title elementor-size-default\">Hoteltipp:<\/h3>\t\t\t\t<\/div>\n\t\t\t\t<\/div>\n\t\t\t\t<div class=\"elementor-element elementor-element-c61fed1 elementor-widget elementor-widget-ltur_offer\" data-id=\"c61fed1\" data-element_type=\"widget\" data-widget_type=\"ltur_offer.default\">\n\t\t\t\t<div class=\"elementor-widget-container\">\n\t\t\t\t\t<embedded-hotel data-url=\"https:\/\/www.ltur.com\/de\/hotel\/marmotel-301612\" fallback-url=\"https:\/\/www.ltur.com\/de\/hotel\/mitteleuropa\/frankreich\/alpen-frankreich?duration=10608&#038;options=1909&#038;page=0&#038;size=10&#038;sorting=price\" image-link=\"https:\/\/gips.ltur.com\/gips\/scalr-webp\/original\/images.ltur.com\/images\/sonata_cms\/media\/heroteaser_full_3_3\/0001\/13\/thumb_12785_heroteaser_full_3_3_desktop.jpeg\"><\/embedded-hotel>\t\t\t\t<\/div>\n\t\t\t\t<\/div>\n\t\t\t\t<div class=\"elementor-element elementor-element-311ee16 elementor-widget elementor-widget-text-editor\" data-id=\"311ee16\" data-element_type=\"widget\" data-widget_type=\"text-editor.default\">\n\t\t\t\t<div class=\"elementor-widget-container\">\n\t\t\t\t\t\t\t\t\tSki anschnallen und schon geht\u2019s los! Das Hotel liegt direkt an der Skipiste und ist grade einmal 40 Meter von der n\u00e4chstgelegenen Seilbahn entfernt. Und nach dem Skifahren entspannst du ganz einfach im hoteleigenen Wellness-Bereich mit einem atemberaubenden Blick auf die winterliche Bergwelt.\t\t\t\t\t\t\t\t<\/div>\n\t\t\t\t<\/div>\n\t\t\t\t<\/div>\n\t\t<div class=\"elementor-element elementor-element-5f4fcd6 e-con-full e-flex e-con e-parent\" data-id=\"5f4fcd6\" data-element_type=\"container\">\n\t\t\t\t<div class=\"elementor-element elementor-element-19b1eab elementor-widget elementor-widget-heading\" data-id=\"19b1eab\" data-element_type=\"widget\" data-widget_type=\"heading.default\">\n\t\t\t\t<div class=\"elementor-widget-container\">\n\t\t\t\t\t<h2 class=\"elementor-heading-title elementor-size-default\">Skifahren macht gl\u00fccklich!<\/h2>\t\t\t\t<\/div>\n\t\t\t\t<\/div>\n\t\t\t\t<div class=\"elementor-element elementor-element-9dcd93b elementor-widget elementor-widget-image\" data-id=\"9dcd93b\" data-element_type=\"widget\" data-widget_type=\"image.default\">\n\t\t\t\t<div class=\"elementor-widget-container\">\n\t\t\t\t\t\t\t\t\t\t\t\t\t\t\t<img loading=\"lazy\" decoding=\"async\" width=\"800\" height=\"534\" src=\"https:\/\/www.ltur.com\/de\/blog\/wp-content\/uploads\/2025\/04\/Winterurlaub_Ski_1-1024x683.webp\" class=\"attachment-large size-large wp-image-5294\" alt=\"\" srcset=\"https:\/\/www.ltur.com\/de\/blog\/wp-content\/uploads\/2025\/04\/Winterurlaub_Ski_1-1024x683.webp 1024w, https:\/\/www.ltur.com\/de\/blog\/wp-content\/uploads\/2025\/04\/Winterurlaub_Ski_1-300x200.webp 300w, https:\/\/www.ltur.com\/de\/blog\/wp-content\/uploads\/2025\/04\/Winterurlaub_Ski_1-768x512.webp 768w, https:\/\/www.ltur.com\/de\/blog\/wp-content\/uploads\/2025\/04\/Winterurlaub_Ski_1.webp 1057w\" sizes=\"(max-width: 800px) 100vw, 800px\" \/>\t\t\t\t\t\t\t\t\t\t\t\t\t\t\t<\/div>\n\t\t\t\t<\/div>\n\t\t\t\t<div class=\"elementor-element elementor-element-eb3af0d elementor-widget elementor-widget-text-editor\" data-id=\"eb3af0d\" data-element_type=\"widget\" data-widget_type=\"text-editor.default\">\n\t\t\t\t<div class=\"elementor-widget-container\">\n\t\t\t\t\t\t\t\t\t<p>Wusstest du eigentlich, dass Skifahren laut einer Studie der Universit\u00e4t Klagenfurt zu einer der Aktivit\u00e4ten geh\u00f6rt, die die meisten Gl\u00fccksmomente hervorruft? Also egal f\u00fcr welches Skigebiet du dich entscheidest, es wird ganz bestimmt der perfekte Winterurlaub!<\/p>\t\t\t\t\t\t\t\t<\/div>\n\t\t\t\t<\/div>\n\t\t\t\t<\/div>\n\t\t\t\t<\/div>\n\t\t","protected":false},"excerpt":{"rendered":"<p>Der Winter steht schon in den Startl\u00f6chern und damit kommt auch die Frage auf: Wohin geht die n\u00e4chste Reise? F\u00fcr einen perfekten Winterurlaub stelle ich dir meine Top 3 Winterreiseziele f\u00fcr maximalen Snowboard- und Ski-Spa\u00df in Deutschland, \u00d6sterreich und Frankreich vor! Oberstdorf, Deutschland Dank der Vierschanzentournee, die jedes Jahr in Oberstdorf stattfindet, ist der kleine [&hellip;]<\/p>\n","protected":false},"author":2,"featured_media":5288,"comment_status":"open","ping_status":"open","sticky":false,"template":"","format":"standard","meta":{"_acf_changed":false,"footnotes":""},"categories":[32,17],"tags":[],"class_list":["post-5287","post","type-post","status-publish","format-standard","has-post-thumbnail","hentry","category-berge","category-entdecken"],"acf":[],"yoast_head":"<!-- This site is optimized with the Yoast SEO Premium plugin v24.5 (Yoast SEO v26.5) - https:\/\/yoast.com\/wordpress\/plugins\/seo\/ -->\n<title>Der perfekte Winterurlaub: Ski-Spa\u00df in den Bergen - ltur Reiseblog<\/title>\n<meta name=\"description\" content=\"Der perfekte Winterurlaub findet f\u00fcr dich in den Bergen statt? Wir stellen dir Top-Reiseziele zum Ski- und Snowboardfahren vor.\" \/>\n<meta name=\"robots\" content=\"index, follow, max-snippet:-1, max-image-preview:large, max-video-preview:-1\" \/>\n<link rel=\"canonical\" href=\"https:\/\/www.ltur.com\/de\/blog\/der-perfekte-winterurlaub-ski-spass-in-den-bergen\/\" \/>\n<meta property=\"og:locale\" content=\"de_DE\" \/>\n<meta property=\"og:type\" content=\"article\" \/>\n<meta property=\"og:title\" content=\"Der perfekte Winterurlaub: Ski-Spa\u00df in den Bergen\" \/>\n<meta property=\"og:description\" content=\"Der perfekte Winterurlaub findet f\u00fcr dich in den Bergen statt? Wir stellen dir Top-Reiseziele zum Ski- und Snowboardfahren vor.\" \/>\n<meta property=\"og:url\" content=\"https:\/\/www.ltur.com\/de\/blog\/der-perfekte-winterurlaub-ski-spass-in-den-bergen\/\" \/>\n<meta property=\"og:site_name\" content=\"ltur Reiseblog\" \/>\n<meta property=\"article:published_time\" content=\"2022-10-28T12:21:00+00:00\" \/>\n<meta property=\"article:modified_time\" content=\"2025-04-10T12:35:20+00:00\" \/>\n<meta property=\"og:image\" content=\"https:\/\/www.ltur.com\/de\/blog\/wp-content\/uploads\/2025\/04\/Winterurlaub_Ski_TB.jpg\" \/>\n\t<meta property=\"og:image:width\" content=\"2000\" \/>\n\t<meta property=\"og:image:height\" content=\"857\" \/>\n\t<meta property=\"og:image:type\" content=\"image\/jpeg\" \/>\n<meta name=\"author\" content=\"Sarah D\u00fcrr\" \/>\n<meta name=\"twitter:card\" content=\"summary_large_image\" \/>\n<meta name=\"twitter:label1\" content=\"Verfasst von\" \/>\n\t<meta name=\"twitter:data1\" content=\"Sarah D\u00fcrr\" \/>\n\t<meta name=\"twitter:label2\" content=\"Gesch\u00e4tzte Lesezeit\" \/>\n\t<meta name=\"twitter:data2\" content=\"3\u00a0Minuten\" \/>\n<script type=\"application\/ld+json\" class=\"yoast-schema-graph\">{\"@context\":\"https:\/\/schema.org\",\"@graph\":[{\"@type\":\"Article\",\"@id\":\"https:\/\/www.ltur.com\/de\/blog\/der-perfekte-winterurlaub-ski-spass-in-den-bergen\/#article\",\"isPartOf\":{\"@id\":\"https:\/\/www.ltur.com\/de\/blog\/der-perfekte-winterurlaub-ski-spass-in-den-bergen\/\"},\"author\":{\"name\":\"Sarah D\u00fcrr\",\"@id\":\"https:\/\/www.ltur.com\/de\/blog\/#\/schema\/person\/0821a74c66b3d114c8243766e09f26f5\"},\"headline\":\"Der perfekte Winterurlaub: Ski-Spa\u00df in den Bergen\",\"datePublished\":\"2022-10-28T12:21:00+00:00\",\"dateModified\":\"2025-04-10T12:35:20+00:00\",\"mainEntityOfPage\":{\"@id\":\"https:\/\/www.ltur.com\/de\/blog\/der-perfekte-winterurlaub-ski-spass-in-den-bergen\/\"},\"wordCount\":396,\"commentCount\":0,\"publisher\":{\"@id\":\"https:\/\/www.ltur.com\/de\/blog\/#organization\"},\"image\":{\"@id\":\"https:\/\/www.ltur.com\/de\/blog\/der-perfekte-winterurlaub-ski-spass-in-den-bergen\/#primaryimage\"},\"thumbnailUrl\":\"https:\/\/www.ltur.com\/de\/blog\/wp-content\/uploads\/2025\/04\/Winterurlaub_Ski_TB.webp\",\"articleSection\":[\"Berge\",\"Entdecken\"],\"inLanguage\":\"de\",\"potentialAction\":[{\"@type\":\"CommentAction\",\"name\":\"Comment\",\"target\":[\"https:\/\/www.ltur.com\/de\/blog\/der-perfekte-winterurlaub-ski-spass-in-den-bergen\/#respond\"]}]},{\"@type\":\"WebPage\",\"@id\":\"https:\/\/www.ltur.com\/de\/blog\/der-perfekte-winterurlaub-ski-spass-in-den-bergen\/\",\"url\":\"https:\/\/www.ltur.com\/de\/blog\/der-perfekte-winterurlaub-ski-spass-in-den-bergen\/\",\"name\":\"Der perfekte Winterurlaub: Ski-Spa\u00df in den Bergen - ltur Reiseblog\",\"isPartOf\":{\"@id\":\"https:\/\/www.ltur.com\/de\/blog\/#website\"},\"primaryImageOfPage\":{\"@id\":\"https:\/\/www.ltur.com\/de\/blog\/der-perfekte-winterurlaub-ski-spass-in-den-bergen\/#primaryimage\"},\"image\":{\"@id\":\"https:\/\/www.ltur.com\/de\/blog\/der-perfekte-winterurlaub-ski-spass-in-den-bergen\/#primaryimage\"},\"thumbnailUrl\":\"https:\/\/www.ltur.com\/de\/blog\/wp-content\/uploads\/2025\/04\/Winterurlaub_Ski_TB.webp\",\"datePublished\":\"2022-10-28T12:21:00+00:00\",\"dateModified\":\"2025-04-10T12:35:20+00:00\",\"description\":\"Der perfekte Winterurlaub findet f\u00fcr dich in den Bergen statt? Wir stellen dir Top-Reiseziele zum Ski- und Snowboardfahren vor.\",\"breadcrumb\":{\"@id\":\"https:\/\/www.ltur.com\/de\/blog\/der-perfekte-winterurlaub-ski-spass-in-den-bergen\/#breadcrumb\"},\"inLanguage\":\"de\",\"potentialAction\":[{\"@type\":\"ReadAction\",\"target\":[\"https:\/\/www.ltur.com\/de\/blog\/der-perfekte-winterurlaub-ski-spass-in-den-bergen\/\"]}]},{\"@type\":\"ImageObject\",\"inLanguage\":\"de\",\"@id\":\"https:\/\/www.ltur.com\/de\/blog\/der-perfekte-winterurlaub-ski-spass-in-den-bergen\/#primaryimage\",\"url\":\"https:\/\/www.ltur.com\/de\/blog\/wp-content\/uploads\/2025\/04\/Winterurlaub_Ski_TB.webp\",\"contentUrl\":\"https:\/\/www.ltur.com\/de\/blog\/wp-content\/uploads\/2025\/04\/Winterurlaub_Ski_TB.webp\",\"width\":1920,\"height\":823},{\"@type\":\"BreadcrumbList\",\"@id\":\"https:\/\/www.ltur.com\/de\/blog\/der-perfekte-winterurlaub-ski-spass-in-den-bergen\/#breadcrumb\",\"itemListElement\":[{\"@type\":\"ListItem\",\"position\":1,\"name\":\"Startseite\",\"item\":\"https:\/\/www.ltur.com\/de\/blog\/\"},{\"@type\":\"ListItem\",\"position\":2,\"name\":\"Der perfekte Winterurlaub: Ski-Spa\u00df in den Bergen\"}]},{\"@type\":\"WebSite\",\"@id\":\"https:\/\/www.ltur.com\/de\/blog\/#website\",\"url\":\"https:\/\/www.ltur.com\/de\/blog\/\",\"name\":\"ltur Reiseblog\",\"description\":\"Reisetipps und Inspiration\",\"publisher\":{\"@id\":\"https:\/\/www.ltur.com\/de\/blog\/#organization\"},\"alternateName\":\"l'tur Blog\",\"potentialAction\":[{\"@type\":\"SearchAction\",\"target\":{\"@type\":\"EntryPoint\",\"urlTemplate\":\"https:\/\/www.ltur.com\/de\/blog\/?s={search_term_string}\"},\"query-input\":{\"@type\":\"PropertyValueSpecification\",\"valueRequired\":true,\"valueName\":\"search_term_string\"}}],\"inLanguage\":\"de\"},{\"@type\":\"Organization\",\"@id\":\"https:\/\/www.ltur.com\/de\/blog\/#organization\",\"name\":\"ltur Reiseblog\",\"url\":\"https:\/\/www.ltur.com\/de\/blog\/\",\"logo\":{\"@type\":\"ImageObject\",\"inLanguage\":\"de\",\"@id\":\"https:\/\/www.ltur.com\/de\/blog\/#\/schema\/logo\/image\/\",\"url\":\"https:\/\/www.ltur.com\/de\/blog\/wp-content\/uploads\/2024\/04\/ltur_logo_white.svg\",\"contentUrl\":\"https:\/\/www.ltur.com\/de\/blog\/wp-content\/uploads\/2024\/04\/ltur_logo_white.svg\",\"caption\":\"ltur Reiseblog\"},\"image\":{\"@id\":\"https:\/\/www.ltur.com\/de\/blog\/#\/schema\/logo\/image\/\"}},{\"@type\":\"Person\",\"@id\":\"https:\/\/www.ltur.com\/de\/blog\/#\/schema\/person\/0821a74c66b3d114c8243766e09f26f5\",\"name\":\"Sarah D\u00fcrr\",\"image\":{\"@type\":\"ImageObject\",\"inLanguage\":\"de\",\"@id\":\"https:\/\/www.ltur.com\/de\/blog\/#\/schema\/person\/image\/\",\"url\":\"https:\/\/secure.gravatar.com\/avatar\/d9e366775b3112ce46826d336baf312cc4a90d668736b78f9fac2a340404c925?s=96&d=mm&r=g\",\"contentUrl\":\"https:\/\/secure.gravatar.com\/avatar\/d9e366775b3112ce46826d336baf312cc4a90d668736b78f9fac2a340404c925?s=96&d=mm&r=g\",\"caption\":\"Sarah D\u00fcrr\"},\"description\":\"Das st\u00e4ndige Fernweh treibt mich an, meine Reiseerlebnisse zu teilen und Menschen dazu zu inspirieren, die Welt mit eigenen Augen zu entdecken. Dabei ist es f\u00fcr mich besonders faszinierend, neue Hotels zu erkunden und in verschiedene Kulturen einzutauchen. Ob bei einem entspannten Strandurlaub, einem abenteuerlichen Skiausflug oder einem lebendigen St\u00e4dtetrip mit den besten Freunden \u2013 jede Reise er\u00f6ffnet uns nicht nur unvergessliche Momente, sondern auch die M\u00f6glichkeit, fremde Welten zu verstehen und zu sch\u00e4tzen.\",\"url\":\"https:\/\/www.ltur.com\/de\/blog\/author\/sarah-duerr\/\"}]}<\/script>\n<!-- \/ Yoast SEO Premium plugin. -->","yoast_head_json":{"title":"Der perfekte Winterurlaub: Ski-Spa\u00df in den Bergen - ltur Reiseblog","description":"Der perfekte Winterurlaub findet f\u00fcr dich in den Bergen statt? Wir stellen dir Top-Reiseziele zum Ski- und Snowboardfahren vor.","robots":{"index":"index","follow":"follow","max-snippet":"max-snippet:-1","max-image-preview":"max-image-preview:large","max-video-preview":"max-video-preview:-1"},"canonical":"https:\/\/www.ltur.com\/de\/blog\/der-perfekte-winterurlaub-ski-spass-in-den-bergen\/","og_locale":"de_DE","og_type":"article","og_title":"Der perfekte Winterurlaub: Ski-Spa\u00df in den Bergen","og_description":"Der perfekte Winterurlaub findet f\u00fcr dich in den Bergen statt? Wir stellen dir Top-Reiseziele zum Ski- und Snowboardfahren vor.","og_url":"https:\/\/www.ltur.com\/de\/blog\/der-perfekte-winterurlaub-ski-spass-in-den-bergen\/","og_site_name":"ltur Reiseblog","article_published_time":"2022-10-28T12:21:00+00:00","article_modified_time":"2025-04-10T12:35:20+00:00","og_image":[{"width":2000,"height":857,"url":"https:\/\/www.ltur.com\/de\/blog\/wp-content\/uploads\/2025\/04\/Winterurlaub_Ski_TB.jpg","type":"image\/jpeg"}],"author":"Sarah D\u00fcrr","twitter_card":"summary_large_image","twitter_misc":{"Verfasst von":"Sarah D\u00fcrr","Gesch\u00e4tzte Lesezeit":"3\u00a0Minuten"},"schema":{"@context":"https:\/\/schema.org","@graph":[{"@type":"Article","@id":"https:\/\/www.ltur.com\/de\/blog\/der-perfekte-winterurlaub-ski-spass-in-den-bergen\/#article","isPartOf":{"@id":"https:\/\/www.ltur.com\/de\/blog\/der-perfekte-winterurlaub-ski-spass-in-den-bergen\/"},"author":{"name":"Sarah D\u00fcrr","@id":"https:\/\/www.ltur.com\/de\/blog\/#\/schema\/person\/0821a74c66b3d114c8243766e09f26f5"},"headline":"Der perfekte Winterurlaub: Ski-Spa\u00df in den Bergen","datePublished":"2022-10-28T12:21:00+00:00","dateModified":"2025-04-10T12:35:20+00:00","mainEntityOfPage":{"@id":"https:\/\/www.ltur.com\/de\/blog\/der-perfekte-winterurlaub-ski-spass-in-den-bergen\/"},"wordCount":396,"commentCount":0,"publisher":{"@id":"https:\/\/www.ltur.com\/de\/blog\/#organization"},"image":{"@id":"https:\/\/www.ltur.com\/de\/blog\/der-perfekte-winterurlaub-ski-spass-in-den-bergen\/#primaryimage"},"thumbnailUrl":"https:\/\/www.ltur.com\/de\/blog\/wp-content\/uploads\/2025\/04\/Winterurlaub_Ski_TB.webp","articleSection":["Berge","Entdecken"],"inLanguage":"de","potentialAction":[{"@type":"CommentAction","name":"Comment","target":["https:\/\/www.ltur.com\/de\/blog\/der-perfekte-winterurlaub-ski-spass-in-den-bergen\/#respond"]}]},{"@type":"WebPage","@id":"https:\/\/www.ltur.com\/de\/blog\/der-perfekte-winterurlaub-ski-spass-in-den-bergen\/","url":"https:\/\/www.ltur.com\/de\/blog\/der-perfekte-winterurlaub-ski-spass-in-den-bergen\/","name":"Der perfekte Winterurlaub: Ski-Spa\u00df in den Bergen - ltur Reiseblog","isPartOf":{"@id":"https:\/\/www.ltur.com\/de\/blog\/#website"},"primaryImageOfPage":{"@id":"https:\/\/www.ltur.com\/de\/blog\/der-perfekte-winterurlaub-ski-spass-in-den-bergen\/#primaryimage"},"image":{"@id":"https:\/\/www.ltur.com\/de\/blog\/der-perfekte-winterurlaub-ski-spass-in-den-bergen\/#primaryimage"},"thumbnailUrl":"https:\/\/www.ltur.com\/de\/blog\/wp-content\/uploads\/2025\/04\/Winterurlaub_Ski_TB.webp","datePublished":"2022-10-28T12:21:00+00:00","dateModified":"2025-04-10T12:35:20+00:00","description":"Der perfekte Winterurlaub findet f\u00fcr dich in den Bergen statt? Wir stellen dir Top-Reiseziele zum Ski- und Snowboardfahren vor.","breadcrumb":{"@id":"https:\/\/www.ltur.com\/de\/blog\/der-perfekte-winterurlaub-ski-spass-in-den-bergen\/#breadcrumb"},"inLanguage":"de","potentialAction":[{"@type":"ReadAction","target":["https:\/\/www.ltur.com\/de\/blog\/der-perfekte-winterurlaub-ski-spass-in-den-bergen\/"]}]},{"@type":"ImageObject","inLanguage":"de","@id":"https:\/\/www.ltur.com\/de\/blog\/der-perfekte-winterurlaub-ski-spass-in-den-bergen\/#primaryimage","url":"https:\/\/www.ltur.com\/de\/blog\/wp-content\/uploads\/2025\/04\/Winterurlaub_Ski_TB.webp","contentUrl":"https:\/\/www.ltur.com\/de\/blog\/wp-content\/uploads\/2025\/04\/Winterurlaub_Ski_TB.webp","width":1920,"height":823},{"@type":"BreadcrumbList","@id":"https:\/\/www.ltur.com\/de\/blog\/der-perfekte-winterurlaub-ski-spass-in-den-bergen\/#breadcrumb","itemListElement":[{"@type":"ListItem","position":1,"name":"Startseite","item":"https:\/\/www.ltur.com\/de\/blog\/"},{"@type":"ListItem","position":2,"name":"Der perfekte Winterurlaub: Ski-Spa\u00df in den Bergen"}]},{"@type":"WebSite","@id":"https:\/\/www.ltur.com\/de\/blog\/#website","url":"https:\/\/www.ltur.com\/de\/blog\/","name":"ltur Reiseblog","description":"Reisetipps und Inspiration","publisher":{"@id":"https:\/\/www.ltur.com\/de\/blog\/#organization"},"alternateName":"l'tur Blog","potentialAction":[{"@type":"SearchAction","target":{"@type":"EntryPoint","urlTemplate":"https:\/\/www.ltur.com\/de\/blog\/?s={search_term_string}"},"query-input":{"@type":"PropertyValueSpecification","valueRequired":true,"valueName":"search_term_string"}}],"inLanguage":"de"},{"@type":"Organization","@id":"https:\/\/www.ltur.com\/de\/blog\/#organization","name":"ltur Reiseblog","url":"https:\/\/www.ltur.com\/de\/blog\/","logo":{"@type":"ImageObject","inLanguage":"de","@id":"https:\/\/www.ltur.com\/de\/blog\/#\/schema\/logo\/image\/","url":"https:\/\/www.ltur.com\/de\/blog\/wp-content\/uploads\/2024\/04\/ltur_logo_white.svg","contentUrl":"https:\/\/www.ltur.com\/de\/blog\/wp-content\/uploads\/2024\/04\/ltur_logo_white.svg","caption":"ltur Reiseblog"},"image":{"@id":"https:\/\/www.ltur.com\/de\/blog\/#\/schema\/logo\/image\/"}},{"@type":"Person","@id":"https:\/\/www.ltur.com\/de\/blog\/#\/schema\/person\/0821a74c66b3d114c8243766e09f26f5","name":"Sarah D\u00fcrr","image":{"@type":"ImageObject","inLanguage":"de","@id":"https:\/\/www.ltur.com\/de\/blog\/#\/schema\/person\/image\/","url":"https:\/\/secure.gravatar.com\/avatar\/d9e366775b3112ce46826d336baf312cc4a90d668736b78f9fac2a340404c925?s=96&d=mm&r=g","contentUrl":"https:\/\/secure.gravatar.com\/avatar\/d9e366775b3112ce46826d336baf312cc4a90d668736b78f9fac2a340404c925?s=96&d=mm&r=g","caption":"Sarah D\u00fcrr"},"description":"Das st\u00e4ndige Fernweh treibt mich an, meine Reiseerlebnisse zu teilen und Menschen dazu zu inspirieren, die Welt mit eigenen Augen zu entdecken. Dabei ist es f\u00fcr mich besonders faszinierend, neue Hotels zu erkunden und in verschiedene Kulturen einzutauchen. Ob bei einem entspannten Strandurlaub, einem abenteuerlichen Skiausflug oder einem lebendigen St\u00e4dtetrip mit den besten Freunden \u2013 jede Reise er\u00f6ffnet uns nicht nur unvergessliche Momente, sondern auch die M\u00f6glichkeit, fremde Welten zu verstehen und zu sch\u00e4tzen.","url":"https:\/\/www.ltur.com\/de\/blog\/author\/sarah-duerr\/"}]}},"_links":{"self":[{"href":"https:\/\/www.ltur.com\/de\/blog\/wp-json\/wp\/v2\/posts\/5287","targetHints":{"allow":["GET"]}}],"collection":[{"href":"https:\/\/www.ltur.com\/de\/blog\/wp-json\/wp\/v2\/posts"}],"about":[{"href":"https:\/\/www.ltur.com\/de\/blog\/wp-json\/wp\/v2\/types\/post"}],"author":[{"embeddable":true,"href":"https:\/\/www.ltur.com\/de\/blog\/wp-json\/wp\/v2\/users\/2"}],"replies":[{"embeddable":true,"href":"https:\/\/www.ltur.com\/de\/blog\/wp-json\/wp\/v2\/comments?post=5287"}],"version-history":[{"count":4,"href":"https:\/\/www.ltur.com\/de\/blog\/wp-json\/wp\/v2\/posts\/5287\/revisions"}],"predecessor-version":[{"id":5297,"href":"https:\/\/www.ltur.com\/de\/blog\/wp-json\/wp\/v2\/posts\/5287\/revisions\/5297"}],"wp:featuredmedia":[{"embeddable":true,"href":"https:\/\/www.ltur.com\/de\/blog\/wp-json\/wp\/v2\/media\/5288"}],"wp:attachment":[{"href":"https:\/\/www.ltur.com\/de\/blog\/wp-json\/wp\/v2\/media?parent=5287"}],"wp:term":[{"taxonomy":"category","embeddable":true,"href":"https:\/\/www.ltur.com\/de\/blog\/wp-json\/wp\/v2\/categories?post=5287"},{"taxonomy":"post_tag","embeddable":true,"href":"https:\/\/www.ltur.com\/de\/blog\/wp-json\/wp\/v2\/tags?post=5287"}],"curies":[{"name":"wp","href":"https:\/\/api.w.org\/{rel}","templated":true}]}}