{"id":4649,"date":"2023-11-06T14:18:00","date_gmt":"2023-11-06T14:18:00","guid":{"rendered":"https:\/\/www.ltur.com\/?p=4649"},"modified":"2026-03-05T06:30:17","modified_gmt":"2026-03-05T06:30:17","slug":"urlaub-2024-so-kriegst-du-bis-zu-61-tage-frei","status":"publish","type":"post","link":"https:\/\/www.ltur.com\/de\/blog\/urlaub-2024-so-kriegst-du-bis-zu-61-tage-frei\/","title":{"rendered":"Urlaub 2024: So kriegst du bis zu 61 Tage frei"},"content":{"rendered":"<div id=\"bsf_rt_marker\"><\/div>\t\t<div data-elementor-type=\"wp-post\" data-elementor-id=\"4649\" class=\"elementor elementor-4649\" data-elementor-post-type=\"post\">\n\t\t\t\t<div class=\"elementor-element elementor-element-8cfd2d9 e-flex e-con-boxed e-con e-parent\" data-id=\"8cfd2d9\" data-element_type=\"container\">\n\t\t\t\t\t<div class=\"e-con-inner\">\n\t\t\t\t<div class=\"elementor-element elementor-element-4dc549c elementor-widget elementor-widget-text-editor\" data-id=\"4dc549c\" data-element_type=\"widget\" data-widget_type=\"text-editor.default\">\n\t\t\t\t<div class=\"elementor-widget-container\">\n\t\t\t\t\t\t\t\t\t<p>Langsam neigt sich das Jahr dem Ende zu und das bedeutet gleichzeitig: Dein Urlaub 2024 steht in den Startl\u00f6chern und damit wieder ausreichend Zeit f\u00fcr<strong>\u00a0St\u00e4dtetrips, Fernreisen, Strandurlaub und Abenteuer<\/strong>! So viel Urlaub hast du gar nicht, meinst du? Kein Problem! Wir zeigen dir, wie du nur\u00a0<strong>aus 28 Urlaubstagen ganze 61 freie Tage<\/strong>\u00a0zaubern kannst!<\/p>\t\t\t\t\t\t\t\t<\/div>\n\t\t\t\t<\/div>\n\t\t\t\t<div class=\"elementor-element elementor-element-0b64a88 elementor-widget elementor-widget-heading\" data-id=\"0b64a88\" data-element_type=\"widget\" data-widget_type=\"heading.default\">\n\t\t\t\t<div class=\"elementor-widget-container\">\n\t\t\t\t\t<h5 class=\"elementor-heading-title elementor-size-default\">Kapstadt<\/h5>\t\t\t\t<\/div>\n\t\t\t\t<\/div>\n\t\t\t\t<div class=\"elementor-element elementor-element-961c58d elementor-widget elementor-widget-text-editor\" data-id=\"961c58d\" data-element_type=\"widget\" data-widget_type=\"text-editor.default\">\n\t\t\t\t<div class=\"elementor-widget-container\">\n\t\t\t\t\t\t\t\t\t<p><strong>P.S.:\u00a0<\/strong>Wenn du ein paar Urlaubstage<strong>\u00a0<\/strong>aus 2023 \u00fcbrig hast, kannst du dir direkt\u00a0<strong>neun freie Tage\u00a0<\/strong>freir\u00e4umen, indem du vom\u00a0<strong>02. bis 05. Januar Urlaub\u00a0<\/strong>einreichst. Wenn\u00a0<strong>nicht<\/strong>, haben wir auch daf\u00fcr eine\u00a0<strong>L\u00f6sung<\/strong>:\u00a0<a href=\"https:\/\/www.ltur.com\/de\/blog\/step-by-step-zu-deiner-workation-im-ausland\/\" target=\"_blank\"><strong>Workation<\/strong><\/a>! Verbinde das Angenehme mit dem N\u00fctzlichen \u2013 und nutze den Sommer in\u00a0<strong>Kapstadt<\/strong>\u00a0f\u00fcr eine einzigartige Erfahrung!<\/p>\t\t\t\t\t\t\t\t<\/div>\n\t\t\t\t<\/div>\n\t\t\t\t<div class=\"elementor-element elementor-element-555fa72 elementor-widget elementor-widget-image\" data-id=\"555fa72\" data-element_type=\"widget\" data-widget_type=\"image.default\">\n\t\t\t\t<div class=\"elementor-widget-container\">\n\t\t\t\t\t\t\t\t\t\t\t\t\t\t\t<img fetchpriority=\"high\" decoding=\"async\" width=\"800\" height=\"534\" src=\"https:\/\/www.ltur.com\/de\/blog\/wp-content\/uploads\/2025\/03\/Kapstadt-1057x0-c-default-1024x683.webp\" class=\"attachment-large size-large wp-image-4657\" alt=\"\" srcset=\"https:\/\/www.ltur.com\/de\/blog\/wp-content\/uploads\/2025\/03\/Kapstadt-1057x0-c-default-1024x683.webp 1024w, https:\/\/www.ltur.com\/de\/blog\/wp-content\/uploads\/2025\/03\/Kapstadt-1057x0-c-default-300x200.webp 300w, https:\/\/www.ltur.com\/de\/blog\/wp-content\/uploads\/2025\/03\/Kapstadt-1057x0-c-default-768x512.webp 768w, https:\/\/www.ltur.com\/de\/blog\/wp-content\/uploads\/2025\/03\/Kapstadt-1057x0-c-default.webp 1057w\" sizes=\"(max-width: 800px) 100vw, 800px\" \/>\t\t\t\t\t\t\t\t\t\t\t\t\t\t\t<\/div>\n\t\t\t\t<\/div>\n\t\t\t\t\t<\/div>\n\t\t\t\t<\/div>\n\t\t<div class=\"elementor-element elementor-element-522ceaa e-con-full e-flex e-con e-parent\" data-id=\"522ceaa\" data-element_type=\"container\">\n\t\t\t\t<div class=\"elementor-element elementor-element-79ad907 elementor-widget elementor-widget-heading\" data-id=\"79ad907\" data-element_type=\"widget\" data-widget_type=\"heading.default\">\n\t\t\t\t<div class=\"elementor-widget-container\">\n\t\t\t\t\t<h2 class=\"elementor-heading-title elementor-size-default\">M\u00e4rz\/April<\/h2>\t\t\t\t<\/div>\n\t\t\t\t<\/div>\n\t\t\t\t<div class=\"elementor-element elementor-element-f941d5a elementor-widget elementor-widget-text-editor\" data-id=\"f941d5a\" data-element_type=\"widget\" data-widget_type=\"text-editor.default\">\n\t\t\t\t<div class=\"elementor-widget-container\">\n\t\t\t\t\t\t\t\t\t<p>Die ersten gro\u00dfen Feiertage, die f\u00fcr ein verl\u00e4ngertes Wochenende sorgen sind die Osterfeiertage! Doch wenn du noch mehr Zeit f\u00fcr einen\u00a0<strong>fr\u00fchlingshaften Urlaub 2024\u00a0<\/strong>haben m\u00f6chtest, k\u00f6nntest du dir f\u00fcnf Urlaubstage nehmen, um insgesamt mehr als doppelt so viel freie Zeit zur Verf\u00fcgung zu haben:<\/p>\t\t\t\t\t\t\t\t<\/div>\n\t\t\t\t<\/div>\n\t\t\t\t<div class=\"elementor-element elementor-element-3ed26b7 elementor-widget elementor-widget-text-editor\" data-id=\"3ed26b7\" data-element_type=\"widget\" data-widget_type=\"text-editor.default\">\n\t\t\t\t<div class=\"elementor-widget-container\">\n\t\t\t\t\t\t\t\t\t<p><strong>5 Urlaubstage nehmen = 11Tage frei (28.03. \u2013 07.04.2024)<\/strong><\/p>\t\t\t\t\t\t\t\t<\/div>\n\t\t\t\t<\/div>\n\t\t\t\t<div class=\"elementor-element elementor-element-2be943d elementor-widget elementor-widget-heading\" data-id=\"2be943d\" data-element_type=\"widget\" data-widget_type=\"heading.default\">\n\t\t\t\t<div class=\"elementor-widget-container\">\n\t\t\t\t\t<h5 class=\"elementor-heading-title elementor-size-default\">Madeira<\/h5>\t\t\t\t<\/div>\n\t\t\t\t<\/div>\n\t\t\t\t<div class=\"elementor-element elementor-element-5b33f69 elementor-widget elementor-widget-text-editor\" data-id=\"5b33f69\" data-element_type=\"widget\" data-widget_type=\"text-editor.default\">\n\t\t\t\t<div class=\"elementor-widget-container\">\n\t\t\t\t\t\t\t\t\t<p>Wie w\u00e4re es mit einem Aktivurlaub auf\u00a0<strong>Hawaii Europas<\/strong>? Ja, richtig gelesen!\u00a0<strong>Madeiras\u00a0<\/strong>Botanik erinnert an den Aloha-Staat und ist\u00a0<strong>nur vier Flugstunden von M\u00fcnchen<\/strong>\u00a0entfernt. Was du auf der Blumeninsel alles unternehmen kannst? Erf\u00e4hrst du\u00a0<a href=\"https:\/\/www.ltur.com\/de\/blog\/7-tage-auf-madeira\/\" target=\"_blank\">hier<\/a>.<\/p>\t\t\t\t\t\t\t\t<\/div>\n\t\t\t\t<\/div>\n\t\t\t\t<div class=\"elementor-element elementor-element-5f22f65 elementor-widget elementor-widget-image\" data-id=\"5f22f65\" data-element_type=\"widget\" data-widget_type=\"image.default\">\n\t\t\t\t<div class=\"elementor-widget-container\">\n\t\t\t\t\t\t\t\t\t\t\t\t\t\t\t<img decoding=\"async\" width=\"800\" height=\"534\" src=\"https:\/\/www.ltur.com\/de\/blog\/wp-content\/uploads\/2025\/03\/Blog-Slider-Urlaubssaison-2024-1057x0-c-default-1024x683.webp\" class=\"attachment-large size-large wp-image-4654\" alt=\"\" srcset=\"https:\/\/www.ltur.com\/de\/blog\/wp-content\/uploads\/2025\/03\/Blog-Slider-Urlaubssaison-2024-1057x0-c-default-1024x683.webp 1024w, https:\/\/www.ltur.com\/de\/blog\/wp-content\/uploads\/2025\/03\/Blog-Slider-Urlaubssaison-2024-1057x0-c-default-300x200.webp 300w, https:\/\/www.ltur.com\/de\/blog\/wp-content\/uploads\/2025\/03\/Blog-Slider-Urlaubssaison-2024-1057x0-c-default-768x512.webp 768w, https:\/\/www.ltur.com\/de\/blog\/wp-content\/uploads\/2025\/03\/Blog-Slider-Urlaubssaison-2024-1057x0-c-default.webp 1057w\" sizes=\"(max-width: 800px) 100vw, 800px\" \/>\t\t\t\t\t\t\t\t\t\t\t\t\t\t\t<\/div>\n\t\t\t\t<\/div>\n\t\t\t\t<\/div>\n\t\t<div class=\"elementor-element elementor-element-4880670 e-con-full e-flex e-con e-parent\" data-id=\"4880670\" data-element_type=\"container\">\n\t\t\t\t<div class=\"elementor-element elementor-element-388f594 elementor-widget elementor-widget-heading\" data-id=\"388f594\" data-element_type=\"widget\" data-widget_type=\"heading.default\">\n\t\t\t\t<div class=\"elementor-widget-container\">\n\t\t\t\t\t<h2 class=\"elementor-heading-title elementor-size-default\">Mai\/Juni: 16 Tage in die Ferne<\/h2>\t\t\t\t<\/div>\n\t\t\t\t<\/div>\n\t\t\t\t<div class=\"elementor-element elementor-element-277ba2a elementor-widget elementor-widget-text-editor\" data-id=\"277ba2a\" data-element_type=\"widget\" data-widget_type=\"text-editor.default\">\n\t\t\t\t<div class=\"elementor-widget-container\">\n\t\t\t\t\t\t\t\t\t<p>Die Br\u00fcckentage im Mai sind perfekt, um m\u00f6glichst viel freie Zeit zu erhalten. Nutze den Tag der Arbeit und Christi Himmelfahrt, um insgesamt\u00a0<strong>ganze 25 Tage frei<\/strong>\u00a0zu bekommen!<\/p>\t\t\t\t\t\t\t\t<\/div>\n\t\t\t\t<\/div>\n\t\t\t\t<div class=\"elementor-element elementor-element-794590c elementor-widget elementor-widget-text-editor\" data-id=\"794590c\" data-element_type=\"widget\" data-widget_type=\"text-editor.default\">\n\t\t\t\t<div class=\"elementor-widget-container\">\n\t\t\t\t\t\t\t\t\t<p><strong>8 Urlaubstage nehmen = 16 Tage frei (27.04. \u2013 12.05.2024)<\/strong><\/p>\n<p><strong>4 Urlaubstage nehmen = 9 Tage frei (25.05. \u2013 02.06.2024)<\/strong><\/p>\t\t\t\t\t\t\t\t<\/div>\n\t\t\t\t<\/div>\n\t\t\t\t<div class=\"elementor-element elementor-element-e3ca967 elementor-widget elementor-widget-heading\" data-id=\"e3ca967\" data-element_type=\"widget\" data-widget_type=\"heading.default\">\n\t\t\t\t<div class=\"elementor-widget-container\">\n\t\t\t\t\t<h5 class=\"elementor-heading-title elementor-size-default\">Fernreise<\/h5>\t\t\t\t<\/div>\n\t\t\t\t<\/div>\n\t\t\t\t<div class=\"elementor-element elementor-element-058a8f1 elementor-widget elementor-widget-text-editor\" data-id=\"058a8f1\" data-element_type=\"widget\" data-widget_type=\"text-editor.default\">\n\t\t\t\t<div class=\"elementor-widget-container\">\n\t\t\t\t\t\t\t\t\t<p>Bei so vielen freien Tagen, lohnt sich ein\u00a0<strong>Trip in die Ferne<\/strong>! Wie w\u00e4re es mit\u00a0<a href=\"https:\/\/www.ltur.com\/de\/urlaub\/mexiko\/karibische-kueste-mexiko\/cancun\" target=\"_blank\" rel=\"noreferrer noopener\">Canc\u00fan<\/a>,\u00a0<a href=\"https:\/\/www.ltur.com\/de\/blog\/mauritius-must-dos-fuer-deinen-traumurlaub\" target=\"_blank\" rel=\"noreferrer noopener\">Mauritius\u00a0<\/a>oder der\u00a0<a href=\"https:\/\/www.ltur.com\/de\/urlaub\/dominikanische-rep\" target=\"_blank\">Dominikanischen Republik<\/a>?<\/p>\t\t\t\t\t\t\t\t<\/div>\n\t\t\t\t<\/div>\n\t\t\t\t<div class=\"elementor-element elementor-element-4b37b8b elementor-arrows-position-inside elementor-widget elementor-widget-n-carousel\" data-id=\"4b37b8b\" data-element_type=\"widget\" data-settings=\"{&quot;carousel_items&quot;:[{&quot;slide_title&quot;:&quot;Slide #1&quot;,&quot;_id&quot;:&quot;5ed3d47&quot;},{&quot;slide_title&quot;:&quot;Slide #2&quot;,&quot;_id&quot;:&quot;b11b8a9&quot;},{&quot;slide_title&quot;:&quot;Slide #2&quot;,&quot;_id&quot;:&quot;d72985f&quot;}],&quot;slides_to_show&quot;:&quot;1&quot;,&quot;slides_to_show_tablet&quot;:&quot;1&quot;,&quot;slides_to_scroll&quot;:&quot;1&quot;,&quot;slides_to_show_mobile&quot;:&quot;1&quot;,&quot;autoplay&quot;:&quot;yes&quot;,&quot;autoplay_speed&quot;:5000,&quot;pause_on_hover&quot;:&quot;yes&quot;,&quot;pause_on_interaction&quot;:&quot;yes&quot;,&quot;infinite&quot;:&quot;yes&quot;,&quot;speed&quot;:500,&quot;offset_sides&quot;:&quot;none&quot;,&quot;arrows&quot;:&quot;yes&quot;,&quot;image_spacing_custom&quot;:{&quot;unit&quot;:&quot;px&quot;,&quot;size&quot;:10,&quot;sizes&quot;:[]},&quot;image_spacing_custom_tablet&quot;:{&quot;unit&quot;:&quot;px&quot;,&quot;size&quot;:&quot;&quot;,&quot;sizes&quot;:[]},&quot;image_spacing_custom_mobile&quot;:{&quot;unit&quot;:&quot;px&quot;,&quot;size&quot;:&quot;&quot;,&quot;sizes&quot;:[]}}\" data-widget_type=\"nested-carousel.default\">\n\t\t\t\t<div class=\"elementor-widget-container\">\n\t\t\t\t\t\t\t<div class=\"e-n-carousel swiper\" role=\"region\" aria-roledescription=\"carousel\" aria-label=\"Karussell\" dir=\"ltr\">\n\t\t\t<div class=\"swiper-wrapper\" aria-live=\"off\">\n\t\t\t\t\t\t\t\t\t\t<div class=\"swiper-slide\" data-slide=\"1\" role=\"group\" aria-roledescription=\"slide\" aria-label=\"1 of 3\">\n\t\t\t\t\t\t\t<div class=\"elementor-element elementor-element-21866c6 e-con-full e-flex e-con e-child\" data-id=\"21866c6\" data-element_type=\"container\">\n\t\t<div class=\"elementor-element elementor-element-3bf9f2a e-con-full e-flex e-con e-child\" data-id=\"3bf9f2a\" data-element_type=\"container\" data-settings=\"{&quot;background_background&quot;:&quot;classic&quot;}\">\n\t\t<div class=\"elementor-element elementor-element-7dae6ac e-con-full e-flex e-con e-child\" data-id=\"7dae6ac\" data-element_type=\"container\">\n\t\t\t\t<\/div>\n\t\t\t\t<\/div>\n\t\t\t\t<\/div>\n\t\t\t\t\t\t\t\t<\/div>\n\t\t\t\t\t\t\t\t\t\t\t<div class=\"swiper-slide\" data-slide=\"2\" role=\"group\" aria-roledescription=\"slide\" aria-label=\"2 of 3\">\n\t\t\t\t\t\t\t<div class=\"elementor-element elementor-element-bf48eb7 e-con-full e-flex e-con e-child\" data-id=\"bf48eb7\" data-element_type=\"container\">\n\t\t<div class=\"elementor-element elementor-element-0a3f799 e-con-full e-flex e-con e-child\" data-id=\"0a3f799\" data-element_type=\"container\" data-settings=\"{&quot;background_background&quot;:&quot;classic&quot;}\">\n\t\t\t\t<\/div>\n\t\t\t\t<\/div>\n\t\t\t\t\t\t\t\t<\/div>\n\t\t\t\t\t\t\t\t\t\t\t<div class=\"swiper-slide\" data-slide=\"3\" role=\"group\" aria-roledescription=\"slide\" aria-label=\"3 of 3\">\n\t\t\t\t\t\t\t<div class=\"elementor-element elementor-element-c6df80e e-con-full e-flex e-con e-child\" data-id=\"c6df80e\" data-element_type=\"container\">\n\t\t<div class=\"elementor-element elementor-element-00d6d39 e-con-full e-flex e-con e-child\" data-id=\"00d6d39\" data-element_type=\"container\" data-settings=\"{&quot;background_background&quot;:&quot;classic&quot;}\">\n\t\t\t\t<\/div>\n\t\t\t\t<\/div>\n\t\t\t\t\t\t\t\t<\/div>\n\t\t\t\t\t\t\t\t<\/div>\n\t\t<\/div>\n\t\t\t\t\t<div class=\"elementor-swiper-button elementor-swiper-button-prev\" role=\"button\" tabindex=\"0\" aria-label=\"Voriger\">\n\t\t\t\t<svg aria-hidden=\"true\" class=\"e-font-icon-svg e-eicon-chevron-left\" viewBox=\"0 0 1000 1000\" xmlns=\"http:\/\/www.w3.org\/2000\/svg\"><path d=\"M646 125C629 125 613 133 604 142L308 442C296 454 292 471 292 487 292 504 296 521 308 533L604 854C617 867 629 875 646 875 663 875 679 871 692 858 704 846 713 829 713 812 713 796 708 779 692 767L438 487 692 225C700 217 708 204 708 187 708 171 704 154 692 142 675 129 663 125 646 125Z\"><\/path><\/svg>\t\t\t<\/div>\n\t\t\t<div class=\"elementor-swiper-button elementor-swiper-button-next\" role=\"button\" tabindex=\"0\" aria-label=\"N\u00e4chster\">\n\t\t\t\t<svg aria-hidden=\"true\" class=\"e-font-icon-svg e-eicon-chevron-right\" viewBox=\"0 0 1000 1000\" xmlns=\"http:\/\/www.w3.org\/2000\/svg\"><path d=\"M696 533C708 521 713 504 713 487 713 471 708 454 696 446L400 146C388 133 375 125 354 125 338 125 325 129 313 142 300 154 292 171 292 187 292 204 296 221 308 233L563 492 304 771C292 783 288 800 288 817 288 833 296 850 308 863 321 871 338 875 354 875 371 875 388 867 400 854L696 533Z\"><\/path><\/svg>\t\t\t<\/div>\n\t\t\t\t\t\t<\/div>\n\t\t\t\t<\/div>\n\t\t\t\t<\/div>\n\t\t<div class=\"elementor-element elementor-element-e1fa1e6 e-con-full e-flex e-con e-parent\" data-id=\"e1fa1e6\" data-element_type=\"container\">\n\t\t\t\t<div class=\"elementor-element elementor-element-11adc38 elementor-widget elementor-widget-heading\" data-id=\"11adc38\" data-element_type=\"widget\" data-widget_type=\"heading.default\">\n\t\t\t\t<div class=\"elementor-widget-container\">\n\t\t\t\t\t<h2 class=\"elementor-heading-title elementor-size-default\">Juli\/August: All inclusive unter der Sonne<\/h2>\t\t\t\t<\/div>\n\t\t\t\t<\/div>\n\t\t\t\t<div class=\"elementor-element elementor-element-83bcd0e elementor-widget elementor-widget-text-editor\" data-id=\"83bcd0e\" data-element_type=\"widget\" data-widget_type=\"text-editor.default\">\n\t\t\t\t<div class=\"elementor-widget-container\">\n\t\t\t\t\t\t\t\t\t<p>Okay, zugegeben, die Sommermonate geben kaum Br\u00fccken- oder Feiertage her (zumindest nicht bei allen Bundesl\u00e4ndern). Wer aber besonders in den Ferien einen\u00a0<strong>Urlaub mit einer Rundum-Versorgung<\/strong>\u00a0sucht, sollte unsere\u00a0<a href=\"\/de\/blog\/einzigartige-hotels\" target=\"_blank\" rel=\"noreferrer noopener\">Hotelvorschl\u00e4ge mit dem besonderen Extra\u00a0<\/a>nicht verpassen<\/p>\t\t\t\t\t\t\t\t<\/div>\n\t\t\t\t<\/div>\n\t\t\t\t<div class=\"elementor-element elementor-element-d65c80b elementor-widget elementor-widget-heading\" data-id=\"d65c80b\" data-element_type=\"widget\" data-widget_type=\"heading.default\">\n\t\t\t\t<div class=\"elementor-widget-container\">\n\t\t\t\t\t<h5 class=\"elementor-heading-title elementor-size-default\">Pauschalreise<\/h5>\t\t\t\t<\/div>\n\t\t\t\t<\/div>\n\t\t\t\t<div class=\"elementor-element elementor-element-4d27e76 elementor-widget elementor-widget-text-editor\" data-id=\"4d27e76\" data-element_type=\"widget\" data-widget_type=\"text-editor.default\">\n\t\t\t\t<div class=\"elementor-widget-container\">\n\t\t\t\t\t\t\t\t\t<p><strong>Tipp<\/strong>: Du magst es weniger exklusiv und willst einfach Urlaub mit einer\u00a0<strong>24\/7 Rundum-Versorgung<\/strong>\u00a0machen? Dann schau auf unserer\u00a0<a href=\"https:\/\/www.ltur.com\/de\/reisearten\/pauschalreisen\" target=\"_blank\" rel=\"noreferrer noopener\">Pauschalurlaub-Seite\u00a0<\/a>vorbei und finde ein\u00a0<strong>tolles Angebot\u00a0<\/strong>f\u00fcr deinen Urlaub 2024!<\/p>\t\t\t\t\t\t\t\t<\/div>\n\t\t\t\t<\/div>\n\t\t\t\t<div class=\"elementor-element elementor-element-b3ee701 elementor-widget elementor-widget-image\" data-id=\"b3ee701\" data-element_type=\"widget\" data-widget_type=\"image.default\">\n\t\t\t\t<div class=\"elementor-widget-container\">\n\t\t\t\t\t\t\t\t\t\t\t\t\t\t\t<img decoding=\"async\" width=\"800\" height=\"534\" src=\"https:\/\/www.ltur.com\/de\/blog\/wp-content\/uploads\/2025\/03\/AI-1057x0-c-default-1024x683.webp\" class=\"attachment-large size-large wp-image-4651\" alt=\"\" srcset=\"https:\/\/www.ltur.com\/de\/blog\/wp-content\/uploads\/2025\/03\/AI-1057x0-c-default-1024x683.webp 1024w, https:\/\/www.ltur.com\/de\/blog\/wp-content\/uploads\/2025\/03\/AI-1057x0-c-default-300x200.webp 300w, https:\/\/www.ltur.com\/de\/blog\/wp-content\/uploads\/2025\/03\/AI-1057x0-c-default-768x512.webp 768w, https:\/\/www.ltur.com\/de\/blog\/wp-content\/uploads\/2025\/03\/AI-1057x0-c-default.webp 1057w\" sizes=\"(max-width: 800px) 100vw, 800px\" \/>\t\t\t\t\t\t\t\t\t\t\t\t\t\t\t<\/div>\n\t\t\t\t<\/div>\n\t\t\t\t<\/div>\n\t\t<div class=\"elementor-element elementor-element-480991b e-con-full e-flex e-con e-parent\" data-id=\"480991b\" data-element_type=\"container\">\n\t\t\t\t<div class=\"elementor-element elementor-element-d1bd4cf elementor-widget elementor-widget-heading\" data-id=\"d1bd4cf\" data-element_type=\"widget\" data-widget_type=\"heading.default\">\n\t\t\t\t<div class=\"elementor-widget-container\">\n\t\t\t\t\t<h2 class=\"elementor-heading-title elementor-size-default\">September\/Oktober: Sp\u00e4tsommer in herbstlicher Kulisse<\/h2>\t\t\t\t<\/div>\n\t\t\t\t<\/div>\n\t\t\t\t<div class=\"elementor-element elementor-element-d4b4849 elementor-widget elementor-widget-text-editor\" data-id=\"d4b4849\" data-element_type=\"widget\" data-widget_type=\"text-editor.default\">\n\t\t\t\t<div class=\"elementor-widget-container\">\n\t\t\t\t\t\t\t\t\t<p>Im Oktober gibt es mit dem Tag der deutschen Einheit einen weiteren Br\u00fcckentag, den du mit vier Urlaubstagen zu einem neunt\u00e4gigen Urlaub verl\u00e4ngern kannst:<\/p>\t\t\t\t\t\t\t\t<\/div>\n\t\t\t\t<\/div>\n\t\t\t\t<div class=\"elementor-element elementor-element-73e96ee elementor-widget elementor-widget-text-editor\" data-id=\"73e96ee\" data-element_type=\"widget\" data-widget_type=\"text-editor.default\">\n\t\t\t\t<div class=\"elementor-widget-container\">\n\t\t\t\t\t\t\t\t\t<p><strong>4 Urlaubstage nehmen = 9 Tage frei (28.09. \u2013 06.10.2024)<\/strong><\/p>\t\t\t\t\t\t\t\t<\/div>\n\t\t\t\t<\/div>\n\t\t\t\t<div class=\"elementor-element elementor-element-938dd46 elementor-widget elementor-widget-heading\" data-id=\"938dd46\" data-element_type=\"widget\" data-widget_type=\"heading.default\">\n\t\t\t\t<div class=\"elementor-widget-container\">\n\t\t\t\t\t<h5 class=\"elementor-heading-title elementor-size-default\">Amsterdam<\/h5>\t\t\t\t<\/div>\n\t\t\t\t<\/div>\n\t\t\t\t<div class=\"elementor-element elementor-element-7f6a1d3 elementor-widget elementor-widget-text-editor\" data-id=\"7f6a1d3\" data-element_type=\"widget\" data-widget_type=\"text-editor.default\">\n\t\t\t\t<div class=\"elementor-widget-container\">\n\t\t\t\t\t\t\t\t\t<p>Ende September\/Anfang Oktober kommst du mit einer hohen Wahrscheinlichkeit in den Genuss\u00a0<strong>warmer Sp\u00e4tsommertage<\/strong>\u00a0in bunt-herbstlicher Kulisse. Wie w\u00e4re es dann mit einem\u00a0<strong>St\u00e4dtetrip<\/strong>\u00a0nach\u00a0<a href=\"\/de\/blog\/amsterdam-geniesse-den-goldenen-herbst\" target=\"_blank\" rel=\"noreferrer noopener\">Amsterdam<\/a>? Eine sch\u00f6ne Stadt voller\u00a0<strong>Sehensw\u00fcrdigkeiten, toller Shopping Spots, hipper Caf\u00e9s<\/strong>\u00a0und dazu nur 40 km vom<strong>\u00a0Zandvoort Beach<\/strong>\u00a0entfernt!<\/p>\t\t\t\t\t\t\t\t<\/div>\n\t\t\t\t<\/div>\n\t\t\t\t<div class=\"elementor-element elementor-element-d589087 elementor-widget elementor-widget-image\" data-id=\"d589087\" data-element_type=\"widget\" data-widget_type=\"image.default\">\n\t\t\t\t<div class=\"elementor-widget-container\">\n\t\t\t\t\t\t\t\t\t\t\t\t\t\t\t<img loading=\"lazy\" decoding=\"async\" width=\"800\" height=\"534\" src=\"https:\/\/www.ltur.com\/de\/blog\/wp-content\/uploads\/2025\/03\/Amsterdam-1057x0-c-default-1024x683.webp\" class=\"attachment-large size-large wp-image-4652\" alt=\"\" srcset=\"https:\/\/www.ltur.com\/de\/blog\/wp-content\/uploads\/2025\/03\/Amsterdam-1057x0-c-default-1024x683.webp 1024w, https:\/\/www.ltur.com\/de\/blog\/wp-content\/uploads\/2025\/03\/Amsterdam-1057x0-c-default-300x200.webp 300w, https:\/\/www.ltur.com\/de\/blog\/wp-content\/uploads\/2025\/03\/Amsterdam-1057x0-c-default-768x512.webp 768w, https:\/\/www.ltur.com\/de\/blog\/wp-content\/uploads\/2025\/03\/Amsterdam-1057x0-c-default.webp 1057w\" sizes=\"(max-width: 800px) 100vw, 800px\" \/>\t\t\t\t\t\t\t\t\t\t\t\t\t\t\t<\/div>\n\t\t\t\t<\/div>\n\t\t\t\t<\/div>\n\t\t<div class=\"elementor-element elementor-element-c9b60ec e-con-full e-flex e-con e-parent\" data-id=\"c9b60ec\" data-element_type=\"container\">\n\t\t\t\t<div class=\"elementor-element elementor-element-5a7c3e4 elementor-widget elementor-widget-heading\" data-id=\"5a7c3e4\" data-element_type=\"widget\" data-widget_type=\"heading.default\">\n\t\t\t\t<div class=\"elementor-widget-container\">\n\t\t\t\t\t<h2 class=\"elementor-heading-title elementor-size-default\">Dezember\/Januar: Silvester zwischen Reisterassen und Dschungel<\/h2>\t\t\t\t<\/div>\n\t\t\t\t<\/div>\n\t\t\t\t<div class=\"elementor-element elementor-element-4ae2edb elementor-widget elementor-widget-text-editor\" data-id=\"4ae2edb\" data-element_type=\"widget\" data-widget_type=\"text-editor.default\">\n\t\t\t\t<div class=\"elementor-widget-container\">\n\t\t\t\t\t\t\t\t\t<p>Ende des kommenden Jahres wartet ein richtiger Banger auf dich: Mit nur sieben Urlaubstagen, erh\u00e4ltst du ganze<strong>\u00a016 freie Tage<\/strong>\u00a0am St\u00fcck.\u00a0<strong>Wow<\/strong>!<\/p>\t\t\t\t\t\t\t\t<\/div>\n\t\t\t\t<\/div>\n\t\t\t\t<div class=\"elementor-element elementor-element-b0d4134 elementor-widget elementor-widget-text-editor\" data-id=\"b0d4134\" data-element_type=\"widget\" data-widget_type=\"text-editor.default\">\n\t\t\t\t<div class=\"elementor-widget-container\">\n\t\t\t\t\t\t\t\t\t<p><strong>7 Urlaubstage nehmen = 16 Tage frei (21.12.2024 \u2013 05.01.2025)<\/strong><\/p>\t\t\t\t\t\t\t\t<\/div>\n\t\t\t\t<\/div>\n\t\t\t\t<div class=\"elementor-element elementor-element-8c042ce elementor-widget elementor-widget-heading\" data-id=\"8c042ce\" data-element_type=\"widget\" data-widget_type=\"heading.default\">\n\t\t\t\t<div class=\"elementor-widget-container\">\n\t\t\t\t\t<h5 class=\"elementor-heading-title elementor-size-default\">Bali<\/h5>\t\t\t\t<\/div>\n\t\t\t\t<\/div>\n\t\t\t\t<div class=\"elementor-element elementor-element-18d4fa4 elementor-widget elementor-widget-text-editor\" data-id=\"18d4fa4\" data-element_type=\"widget\" data-widget_type=\"text-editor.default\">\n\t\t\t\t<div class=\"elementor-widget-container\">\n\t\t\t\t\t\t\t\t\t<p>Warum die Zeit nicht f\u00fcr etwas\u00a0<strong>ganz Besonderes\u00a0<\/strong>nutzen und\u00a0<strong>Weihnachten und Silvester zwischen Reisterassen und Dschungel\u00a0<\/strong>verbringen? Wir h\u00e4tten daf\u00fcr ein paar besondere\u00a0<strong>Hotelvorschl\u00e4ge\u00a0<\/strong>auf\u00a0<a href=\"https:\/\/www.ltur.com\/de\/blog\/hotels-zwischen-reisterrassen-und-dschungel\" target=\"_blank\" rel=\"noreferrer noopener\">Bali<\/a>.<\/p>\t\t\t\t\t\t\t\t<\/div>\n\t\t\t\t<\/div>\n\t\t\t\t<div class=\"elementor-element elementor-element-54b3458 elementor-widget elementor-widget-image\" data-id=\"54b3458\" data-element_type=\"widget\" data-widget_type=\"image.default\">\n\t\t\t\t<div class=\"elementor-widget-container\">\n\t\t\t\t\t\t\t\t\t\t\t\t\t\t\t<img loading=\"lazy\" decoding=\"async\" width=\"800\" height=\"534\" src=\"https:\/\/www.ltur.com\/de\/blog\/wp-content\/uploads\/2025\/03\/Amsterdam-1057x0-c-default-1024x683.webp\" class=\"attachment-large size-large wp-image-4652\" alt=\"\" srcset=\"https:\/\/www.ltur.com\/de\/blog\/wp-content\/uploads\/2025\/03\/Amsterdam-1057x0-c-default-1024x683.webp 1024w, https:\/\/www.ltur.com\/de\/blog\/wp-content\/uploads\/2025\/03\/Amsterdam-1057x0-c-default-300x200.webp 300w, https:\/\/www.ltur.com\/de\/blog\/wp-content\/uploads\/2025\/03\/Amsterdam-1057x0-c-default-768x512.webp 768w, https:\/\/www.ltur.com\/de\/blog\/wp-content\/uploads\/2025\/03\/Amsterdam-1057x0-c-default.webp 1057w\" sizes=\"(max-width: 800px) 100vw, 800px\" \/>\t\t\t\t\t\t\t\t\t\t\t\t\t\t\t<\/div>\n\t\t\t\t<\/div>\n\t\t\t\t<\/div>\n\t\t<div class=\"elementor-element elementor-element-7bacb7c e-flex e-con-boxed e-con e-parent\" data-id=\"7bacb7c\" data-element_type=\"container\">\n\t\t\t\t\t<div class=\"e-con-inner\">\n\t\t\t\t<div class=\"elementor-element elementor-element-6b554ca elementor-widget elementor-widget-text-editor\" data-id=\"6b554ca\" data-element_type=\"widget\" data-widget_type=\"text-editor.default\">\n\t\t\t\t<div class=\"elementor-widget-container\">\n\t\t\t\t\t\t\t\t\t<p><strong>Tipp<\/strong>: Weitere\u00a0<strong>Angebote f\u00fcr die beliebtesten Fernreiseziele\u00a0<\/strong>findest du\u00a0<a href=\"https:\/\/www.ltur.com\/de\/reisethemen\/fernreisen\" target=\"_blank\" rel=\"noreferrer noopener\">hier<\/a>.<\/p>\t\t\t\t\t\t\t\t<\/div>\n\t\t\t\t<\/div>\n\t\t\t\t\t<\/div>\n\t\t\t\t<\/div>\n\t\t\t\t<\/div>\n\t\t","protected":false},"excerpt":{"rendered":"<p>Langsam neigt sich das Jahr dem Ende zu und das bedeutet gleichzeitig: Dein Urlaub 2024 steht in den Startl\u00f6chern und damit wieder ausreichend Zeit f\u00fcr\u00a0St\u00e4dtetrips, Fernreisen, Strandurlaub und Abenteuer! So viel Urlaub hast du gar nicht, meinst du? Kein Problem! Wir zeigen dir, wie du nur\u00a0aus 28 Urlaubstagen ganze 61 freie Tage\u00a0zaubern kannst! Kapstadt P.S.:\u00a0Wenn [&hellip;]<\/p>\n","protected":false},"author":5,"featured_media":4650,"comment_status":"open","ping_status":"closed","sticky":false,"template":"","format":"standard","meta":{"_acf_changed":false,"footnotes":""},"categories":[29,21],"tags":[],"class_list":["post-4649","post","type-post","status-publish","format-standard","has-post-thumbnail","hentry","category-expertentipps","category-inspiration"],"acf":[],"yoast_head":"<!-- This site is optimized with the Yoast SEO Premium plugin v24.5 (Yoast SEO v26.5) - https:\/\/yoast.com\/wordpress\/plugins\/seo\/ -->\n<title>Urlaub 2024: So kriegst du bis zu 61 Tage frei - ltur Reiseblog<\/title>\n<meta name=\"description\" content=\"Neues Jahr, neue Urlaubsplanung! Erfahre wie du f\u00fcr deinen Urlaub 2024 ganze 61 freie erh\u00e4ltst und Tipps, was du damit alles erleben kannst!\" \/>\n<meta name=\"robots\" content=\"index, follow, max-snippet:-1, max-image-preview:large, max-video-preview:-1\" \/>\n<link rel=\"canonical\" href=\"https:\/\/www.ltur.com\/de\/blog\/urlaub-2024-so-kriegst-du-bis-zu-61-tage-frei\/\" \/>\n<meta property=\"og:locale\" content=\"de_DE\" \/>\n<meta property=\"og:type\" content=\"article\" \/>\n<meta property=\"og:title\" content=\"Urlaub 2024: So kriegst du bis zu 61 Tage frei\" \/>\n<meta property=\"og:description\" content=\"Neues Jahr, neue Urlaubsplanung! Erfahre wie du f\u00fcr deinen Urlaub 2024 ganze 61 freie erh\u00e4ltst und Tipps, was du damit alles erleben kannst!\" \/>\n<meta property=\"og:url\" content=\"https:\/\/www.ltur.com\/de\/blog\/urlaub-2024-so-kriegst-du-bis-zu-61-tage-frei\/\" \/>\n<meta property=\"og:site_name\" content=\"ltur Reiseblog\" \/>\n<meta property=\"article:published_time\" content=\"2023-11-06T14:18:00+00:00\" \/>\n<meta property=\"article:modified_time\" content=\"2026-03-05T06:30:17+00:00\" \/>\n<meta property=\"og:image\" content=\"https:\/\/www.ltur.com\/de\/blog\/wp-content\/uploads\/2025\/03\/12-2000x857-c-center.png\" \/>\n\t<meta property=\"og:image:width\" content=\"2000\" \/>\n\t<meta property=\"og:image:height\" content=\"857\" \/>\n\t<meta property=\"og:image:type\" content=\"image\/png\" \/>\n<meta name=\"author\" content=\"Violetta Hellmann\" \/>\n<meta name=\"twitter:card\" content=\"summary_large_image\" \/>\n<meta name=\"twitter:label1\" content=\"Verfasst von\" \/>\n\t<meta name=\"twitter:data1\" content=\"Violetta Hellmann\" \/>\n\t<meta name=\"twitter:label2\" content=\"Gesch\u00e4tzte Lesezeit\" \/>\n\t<meta name=\"twitter:data2\" content=\"4\u00a0Minuten\" \/>\n<script type=\"application\/ld+json\" class=\"yoast-schema-graph\">{\"@context\":\"https:\/\/schema.org\",\"@graph\":[{\"@type\":\"Article\",\"@id\":\"https:\/\/www.ltur.com\/de\/blog\/urlaub-2024-so-kriegst-du-bis-zu-61-tage-frei\/#article\",\"isPartOf\":{\"@id\":\"https:\/\/www.ltur.com\/de\/blog\/urlaub-2024-so-kriegst-du-bis-zu-61-tage-frei\/\"},\"author\":{\"name\":\"Violetta Hellmann\",\"@id\":\"https:\/\/www.ltur.com\/de\/blog\/#\/schema\/person\/e235bf1449d0d2e9d08725f62414a2f9\"},\"headline\":\"Urlaub 2024: So kriegst du bis zu 61 Tage frei\",\"datePublished\":\"2023-11-06T14:18:00+00:00\",\"dateModified\":\"2026-03-05T06:30:17+00:00\",\"mainEntityOfPage\":{\"@id\":\"https:\/\/www.ltur.com\/de\/blog\/urlaub-2024-so-kriegst-du-bis-zu-61-tage-frei\/\"},\"wordCount\":534,\"commentCount\":0,\"publisher\":{\"@id\":\"https:\/\/www.ltur.com\/de\/blog\/#organization\"},\"image\":{\"@id\":\"https:\/\/www.ltur.com\/de\/blog\/urlaub-2024-so-kriegst-du-bis-zu-61-tage-frei\/#primaryimage\"},\"thumbnailUrl\":\"https:\/\/www.ltur.com\/de\/blog\/wp-content\/uploads\/2025\/03\/12-2000x857-c-center.webp\",\"articleSection\":[\"Expertentipps\",\"Inspiration\"],\"inLanguage\":\"de\",\"potentialAction\":[{\"@type\":\"CommentAction\",\"name\":\"Comment\",\"target\":[\"https:\/\/www.ltur.com\/de\/blog\/urlaub-2024-so-kriegst-du-bis-zu-61-tage-frei\/#respond\"]}]},{\"@type\":\"WebPage\",\"@id\":\"https:\/\/www.ltur.com\/de\/blog\/urlaub-2024-so-kriegst-du-bis-zu-61-tage-frei\/\",\"url\":\"https:\/\/www.ltur.com\/de\/blog\/urlaub-2024-so-kriegst-du-bis-zu-61-tage-frei\/\",\"name\":\"Urlaub 2024: So kriegst du bis zu 61 Tage frei - ltur Reiseblog\",\"isPartOf\":{\"@id\":\"https:\/\/www.ltur.com\/de\/blog\/#website\"},\"primaryImageOfPage\":{\"@id\":\"https:\/\/www.ltur.com\/de\/blog\/urlaub-2024-so-kriegst-du-bis-zu-61-tage-frei\/#primaryimage\"},\"image\":{\"@id\":\"https:\/\/www.ltur.com\/de\/blog\/urlaub-2024-so-kriegst-du-bis-zu-61-tage-frei\/#primaryimage\"},\"thumbnailUrl\":\"https:\/\/www.ltur.com\/de\/blog\/wp-content\/uploads\/2025\/03\/12-2000x857-c-center.webp\",\"datePublished\":\"2023-11-06T14:18:00+00:00\",\"dateModified\":\"2026-03-05T06:30:17+00:00\",\"description\":\"Neues Jahr, neue Urlaubsplanung! Erfahre wie du f\u00fcr deinen Urlaub 2024 ganze 61 freie erh\u00e4ltst und Tipps, was du damit alles erleben kannst!\",\"breadcrumb\":{\"@id\":\"https:\/\/www.ltur.com\/de\/blog\/urlaub-2024-so-kriegst-du-bis-zu-61-tage-frei\/#breadcrumb\"},\"inLanguage\":\"de\",\"potentialAction\":[{\"@type\":\"ReadAction\",\"target\":[\"https:\/\/www.ltur.com\/de\/blog\/urlaub-2024-so-kriegst-du-bis-zu-61-tage-frei\/\"]}]},{\"@type\":\"ImageObject\",\"inLanguage\":\"de\",\"@id\":\"https:\/\/www.ltur.com\/de\/blog\/urlaub-2024-so-kriegst-du-bis-zu-61-tage-frei\/#primaryimage\",\"url\":\"https:\/\/www.ltur.com\/de\/blog\/wp-content\/uploads\/2025\/03\/12-2000x857-c-center.webp\",\"contentUrl\":\"https:\/\/www.ltur.com\/de\/blog\/wp-content\/uploads\/2025\/03\/12-2000x857-c-center.webp\",\"width\":1920,\"height\":823},{\"@type\":\"BreadcrumbList\",\"@id\":\"https:\/\/www.ltur.com\/de\/blog\/urlaub-2024-so-kriegst-du-bis-zu-61-tage-frei\/#breadcrumb\",\"itemListElement\":[{\"@type\":\"ListItem\",\"position\":1,\"name\":\"Startseite\",\"item\":\"https:\/\/www.ltur.com\/de\/blog\/\"},{\"@type\":\"ListItem\",\"position\":2,\"name\":\"Urlaub 2024: So kriegst du bis zu 61 Tage frei\"}]},{\"@type\":\"WebSite\",\"@id\":\"https:\/\/www.ltur.com\/de\/blog\/#website\",\"url\":\"https:\/\/www.ltur.com\/de\/blog\/\",\"name\":\"ltur Reiseblog\",\"description\":\"Reisetipps und Inspiration\",\"publisher\":{\"@id\":\"https:\/\/www.ltur.com\/de\/blog\/#organization\"},\"alternateName\":\"l'tur Blog\",\"potentialAction\":[{\"@type\":\"SearchAction\",\"target\":{\"@type\":\"EntryPoint\",\"urlTemplate\":\"https:\/\/www.ltur.com\/de\/blog\/?s={search_term_string}\"},\"query-input\":{\"@type\":\"PropertyValueSpecification\",\"valueRequired\":true,\"valueName\":\"search_term_string\"}}],\"inLanguage\":\"de\"},{\"@type\":\"Organization\",\"@id\":\"https:\/\/www.ltur.com\/de\/blog\/#organization\",\"name\":\"ltur Reiseblog\",\"url\":\"https:\/\/www.ltur.com\/de\/blog\/\",\"logo\":{\"@type\":\"ImageObject\",\"inLanguage\":\"de\",\"@id\":\"https:\/\/www.ltur.com\/de\/blog\/#\/schema\/logo\/image\/\",\"url\":\"https:\/\/www.ltur.com\/de\/blog\/wp-content\/uploads\/2024\/04\/ltur_logo_white.svg\",\"contentUrl\":\"https:\/\/www.ltur.com\/de\/blog\/wp-content\/uploads\/2024\/04\/ltur_logo_white.svg\",\"caption\":\"ltur Reiseblog\"},\"image\":{\"@id\":\"https:\/\/www.ltur.com\/de\/blog\/#\/schema\/logo\/image\/\"}},{\"@type\":\"Person\",\"@id\":\"https:\/\/www.ltur.com\/de\/blog\/#\/schema\/person\/e235bf1449d0d2e9d08725f62414a2f9\",\"name\":\"Violetta Hellmann\",\"image\":{\"@type\":\"ImageObject\",\"inLanguage\":\"de\",\"@id\":\"https:\/\/www.ltur.com\/de\/blog\/#\/schema\/person\/image\/\",\"url\":\"https:\/\/secure.gravatar.com\/avatar\/bb1bf946237db781467c1b471e7dd7ff890bfacee6b7f58018e6a0cc11cc907e?s=96&d=mm&r=g\",\"contentUrl\":\"https:\/\/secure.gravatar.com\/avatar\/bb1bf946237db781467c1b471e7dd7ff890bfacee6b7f58018e6a0cc11cc907e?s=96&d=mm&r=g\",\"caption\":\"Violetta Hellmann\"},\"description\":\"Sp\u00e4testens in Neuseeland habe ich meine Reiseliebe entdeckt \u2013 drei Monate lang Work and Travel in diesem wundersch\u00f6nen Land waren mir seither nicht genug. Regelm\u00e4\u00dfig packt mich das Fernweh und ich liebe es, andere mit meinen Erfahrungen und Bildern dazu zu inspirieren, die Welt zu entdecken. Wie, spielt dabei keine Rolle \u2013 denn egal, ob Strandurlaub zu zweit, ein Abenteuer alleine oder ein St\u00e4dtetrip mit den Besten: Jede Reise schenkt uns ihre eigene Geschichte, die wir nie vergessen.\",\"url\":\"https:\/\/www.ltur.com\/de\/blog\/author\/violetta-hellmann\/\"}]}<\/script>\n<!-- \/ Yoast SEO Premium plugin. -->","yoast_head_json":{"title":"Urlaub 2024: So kriegst du bis zu 61 Tage frei - ltur Reiseblog","description":"Neues Jahr, neue Urlaubsplanung! Erfahre wie du f\u00fcr deinen Urlaub 2024 ganze 61 freie erh\u00e4ltst und Tipps, was du damit alles erleben kannst!","robots":{"index":"index","follow":"follow","max-snippet":"max-snippet:-1","max-image-preview":"max-image-preview:large","max-video-preview":"max-video-preview:-1"},"canonical":"https:\/\/www.ltur.com\/de\/blog\/urlaub-2024-so-kriegst-du-bis-zu-61-tage-frei\/","og_locale":"de_DE","og_type":"article","og_title":"Urlaub 2024: So kriegst du bis zu 61 Tage frei","og_description":"Neues Jahr, neue Urlaubsplanung! Erfahre wie du f\u00fcr deinen Urlaub 2024 ganze 61 freie erh\u00e4ltst und Tipps, was du damit alles erleben kannst!","og_url":"https:\/\/www.ltur.com\/de\/blog\/urlaub-2024-so-kriegst-du-bis-zu-61-tage-frei\/","og_site_name":"ltur Reiseblog","article_published_time":"2023-11-06T14:18:00+00:00","article_modified_time":"2026-03-05T06:30:17+00:00","og_image":[{"width":2000,"height":857,"url":"https:\/\/www.ltur.com\/de\/blog\/wp-content\/uploads\/2025\/03\/12-2000x857-c-center.png","type":"image\/png"}],"author":"Violetta Hellmann","twitter_card":"summary_large_image","twitter_misc":{"Verfasst von":"Violetta Hellmann","Gesch\u00e4tzte Lesezeit":"4\u00a0Minuten"},"schema":{"@context":"https:\/\/schema.org","@graph":[{"@type":"Article","@id":"https:\/\/www.ltur.com\/de\/blog\/urlaub-2024-so-kriegst-du-bis-zu-61-tage-frei\/#article","isPartOf":{"@id":"https:\/\/www.ltur.com\/de\/blog\/urlaub-2024-so-kriegst-du-bis-zu-61-tage-frei\/"},"author":{"name":"Violetta Hellmann","@id":"https:\/\/www.ltur.com\/de\/blog\/#\/schema\/person\/e235bf1449d0d2e9d08725f62414a2f9"},"headline":"Urlaub 2024: So kriegst du bis zu 61 Tage frei","datePublished":"2023-11-06T14:18:00+00:00","dateModified":"2026-03-05T06:30:17+00:00","mainEntityOfPage":{"@id":"https:\/\/www.ltur.com\/de\/blog\/urlaub-2024-so-kriegst-du-bis-zu-61-tage-frei\/"},"wordCount":534,"commentCount":0,"publisher":{"@id":"https:\/\/www.ltur.com\/de\/blog\/#organization"},"image":{"@id":"https:\/\/www.ltur.com\/de\/blog\/urlaub-2024-so-kriegst-du-bis-zu-61-tage-frei\/#primaryimage"},"thumbnailUrl":"https:\/\/www.ltur.com\/de\/blog\/wp-content\/uploads\/2025\/03\/12-2000x857-c-center.webp","articleSection":["Expertentipps","Inspiration"],"inLanguage":"de","potentialAction":[{"@type":"CommentAction","name":"Comment","target":["https:\/\/www.ltur.com\/de\/blog\/urlaub-2024-so-kriegst-du-bis-zu-61-tage-frei\/#respond"]}]},{"@type":"WebPage","@id":"https:\/\/www.ltur.com\/de\/blog\/urlaub-2024-so-kriegst-du-bis-zu-61-tage-frei\/","url":"https:\/\/www.ltur.com\/de\/blog\/urlaub-2024-so-kriegst-du-bis-zu-61-tage-frei\/","name":"Urlaub 2024: So kriegst du bis zu 61 Tage frei - ltur Reiseblog","isPartOf":{"@id":"https:\/\/www.ltur.com\/de\/blog\/#website"},"primaryImageOfPage":{"@id":"https:\/\/www.ltur.com\/de\/blog\/urlaub-2024-so-kriegst-du-bis-zu-61-tage-frei\/#primaryimage"},"image":{"@id":"https:\/\/www.ltur.com\/de\/blog\/urlaub-2024-so-kriegst-du-bis-zu-61-tage-frei\/#primaryimage"},"thumbnailUrl":"https:\/\/www.ltur.com\/de\/blog\/wp-content\/uploads\/2025\/03\/12-2000x857-c-center.webp","datePublished":"2023-11-06T14:18:00+00:00","dateModified":"2026-03-05T06:30:17+00:00","description":"Neues Jahr, neue Urlaubsplanung! Erfahre wie du f\u00fcr deinen Urlaub 2024 ganze 61 freie erh\u00e4ltst und Tipps, was du damit alles erleben kannst!","breadcrumb":{"@id":"https:\/\/www.ltur.com\/de\/blog\/urlaub-2024-so-kriegst-du-bis-zu-61-tage-frei\/#breadcrumb"},"inLanguage":"de","potentialAction":[{"@type":"ReadAction","target":["https:\/\/www.ltur.com\/de\/blog\/urlaub-2024-so-kriegst-du-bis-zu-61-tage-frei\/"]}]},{"@type":"ImageObject","inLanguage":"de","@id":"https:\/\/www.ltur.com\/de\/blog\/urlaub-2024-so-kriegst-du-bis-zu-61-tage-frei\/#primaryimage","url":"https:\/\/www.ltur.com\/de\/blog\/wp-content\/uploads\/2025\/03\/12-2000x857-c-center.webp","contentUrl":"https:\/\/www.ltur.com\/de\/blog\/wp-content\/uploads\/2025\/03\/12-2000x857-c-center.webp","width":1920,"height":823},{"@type":"BreadcrumbList","@id":"https:\/\/www.ltur.com\/de\/blog\/urlaub-2024-so-kriegst-du-bis-zu-61-tage-frei\/#breadcrumb","itemListElement":[{"@type":"ListItem","position":1,"name":"Startseite","item":"https:\/\/www.ltur.com\/de\/blog\/"},{"@type":"ListItem","position":2,"name":"Urlaub 2024: So kriegst du bis zu 61 Tage frei"}]},{"@type":"WebSite","@id":"https:\/\/www.ltur.com\/de\/blog\/#website","url":"https:\/\/www.ltur.com\/de\/blog\/","name":"ltur Reiseblog","description":"Reisetipps und Inspiration","publisher":{"@id":"https:\/\/www.ltur.com\/de\/blog\/#organization"},"alternateName":"l'tur Blog","potentialAction":[{"@type":"SearchAction","target":{"@type":"EntryPoint","urlTemplate":"https:\/\/www.ltur.com\/de\/blog\/?s={search_term_string}"},"query-input":{"@type":"PropertyValueSpecification","valueRequired":true,"valueName":"search_term_string"}}],"inLanguage":"de"},{"@type":"Organization","@id":"https:\/\/www.ltur.com\/de\/blog\/#organization","name":"ltur Reiseblog","url":"https:\/\/www.ltur.com\/de\/blog\/","logo":{"@type":"ImageObject","inLanguage":"de","@id":"https:\/\/www.ltur.com\/de\/blog\/#\/schema\/logo\/image\/","url":"https:\/\/www.ltur.com\/de\/blog\/wp-content\/uploads\/2024\/04\/ltur_logo_white.svg","contentUrl":"https:\/\/www.ltur.com\/de\/blog\/wp-content\/uploads\/2024\/04\/ltur_logo_white.svg","caption":"ltur Reiseblog"},"image":{"@id":"https:\/\/www.ltur.com\/de\/blog\/#\/schema\/logo\/image\/"}},{"@type":"Person","@id":"https:\/\/www.ltur.com\/de\/blog\/#\/schema\/person\/e235bf1449d0d2e9d08725f62414a2f9","name":"Violetta Hellmann","image":{"@type":"ImageObject","inLanguage":"de","@id":"https:\/\/www.ltur.com\/de\/blog\/#\/schema\/person\/image\/","url":"https:\/\/secure.gravatar.com\/avatar\/bb1bf946237db781467c1b471e7dd7ff890bfacee6b7f58018e6a0cc11cc907e?s=96&d=mm&r=g","contentUrl":"https:\/\/secure.gravatar.com\/avatar\/bb1bf946237db781467c1b471e7dd7ff890bfacee6b7f58018e6a0cc11cc907e?s=96&d=mm&r=g","caption":"Violetta Hellmann"},"description":"Sp\u00e4testens in Neuseeland habe ich meine Reiseliebe entdeckt \u2013 drei Monate lang Work and Travel in diesem wundersch\u00f6nen Land waren mir seither nicht genug. Regelm\u00e4\u00dfig packt mich das Fernweh und ich liebe es, andere mit meinen Erfahrungen und Bildern dazu zu inspirieren, die Welt zu entdecken. Wie, spielt dabei keine Rolle \u2013 denn egal, ob Strandurlaub zu zweit, ein Abenteuer alleine oder ein St\u00e4dtetrip mit den Besten: Jede Reise schenkt uns ihre eigene Geschichte, die wir nie vergessen.","url":"https:\/\/www.ltur.com\/de\/blog\/author\/violetta-hellmann\/"}]}},"_links":{"self":[{"href":"https:\/\/www.ltur.com\/de\/blog\/wp-json\/wp\/v2\/posts\/4649","targetHints":{"allow":["GET"]}}],"collection":[{"href":"https:\/\/www.ltur.com\/de\/blog\/wp-json\/wp\/v2\/posts"}],"about":[{"href":"https:\/\/www.ltur.com\/de\/blog\/wp-json\/wp\/v2\/types\/post"}],"author":[{"embeddable":true,"href":"https:\/\/www.ltur.com\/de\/blog\/wp-json\/wp\/v2\/users\/5"}],"replies":[{"embeddable":true,"href":"https:\/\/www.ltur.com\/de\/blog\/wp-json\/wp\/v2\/comments?post=4649"}],"version-history":[{"count":39,"href":"https:\/\/www.ltur.com\/de\/blog\/wp-json\/wp\/v2\/posts\/4649\/revisions"}],"predecessor-version":[{"id":9148,"href":"https:\/\/www.ltur.com\/de\/blog\/wp-json\/wp\/v2\/posts\/4649\/revisions\/9148"}],"wp:featuredmedia":[{"embeddable":true,"href":"https:\/\/www.ltur.com\/de\/blog\/wp-json\/wp\/v2\/media\/4650"}],"wp:attachment":[{"href":"https:\/\/www.ltur.com\/de\/blog\/wp-json\/wp\/v2\/media?parent=4649"}],"wp:term":[{"taxonomy":"category","embeddable":true,"href":"https:\/\/www.ltur.com\/de\/blog\/wp-json\/wp\/v2\/categories?post=4649"},{"taxonomy":"post_tag","embeddable":true,"href":"https:\/\/www.ltur.com\/de\/blog\/wp-json\/wp\/v2\/tags?post=4649"}],"curies":[{"name":"wp","href":"https:\/\/api.w.org\/{rel}","templated":true}]}}