{"id":3607,"date":"2020-07-08T13:17:00","date_gmt":"2020-07-08T13:17:00","guid":{"rendered":"https:\/\/www.ltur.com\/?p=3607"},"modified":"2025-03-11T14:18:49","modified_gmt":"2025-03-11T14:18:49","slug":"wandern-fuer-die-seele-abschalten-und-kraft-tanken","status":"publish","type":"post","link":"https:\/\/www.ltur.com\/de\/blog\/wandern-fuer-die-seele-abschalten-und-kraft-tanken\/","title":{"rendered":"Wandern f\u00fcr die Seele \u2013 Abschalten und Kraft tanken"},"content":{"rendered":"<div id=\"bsf_rt_marker\"><\/div>\t\t<div data-elementor-type=\"wp-post\" data-elementor-id=\"3607\" class=\"elementor elementor-3607\" data-elementor-post-type=\"post\">\n\t\t\t\t<div class=\"elementor-element elementor-element-52a129d e-con-full e-flex e-con e-parent\" data-id=\"52a129d\" data-element_type=\"container\">\n\t\t\t\t<div class=\"elementor-element elementor-element-7467949 elementor-widget elementor-widget-text-editor\" data-id=\"7467949\" data-element_type=\"widget\" data-widget_type=\"text-editor.default\">\n\t\t\t\t<div class=\"elementor-widget-container\">\n\t\t\t\t\t\t\t\t\t<p>Egal, ob auf dem Jakobsweg, im Bayrischen Wald oder einfach nur im Wald vor der Haust\u00fcre &#8211; zu Fu\u00df l\u00e4sst sich unsere Natur so toll erkunden! Man kann abschalten, Neues sehen oder den stressigen Alltag f\u00fcr einen Moment vergessen. Wir zeigen dir, warum sich Wandern f\u00fcr die Seele lohnt!<\/p>\t\t\t\t\t\t\t\t<\/div>\n\t\t\t\t<\/div>\n\t\t\t\t<div class=\"elementor-element elementor-element-e5bdb32 elementor-widget elementor-widget-image\" data-id=\"e5bdb32\" data-element_type=\"widget\" data-widget_type=\"image.default\">\n\t\t\t\t<div class=\"elementor-widget-container\">\n\t\t\t\t\t\t\t\t\t\t\t\t\t\t\t<img fetchpriority=\"high\" decoding=\"async\" width=\"800\" height=\"534\" src=\"https:\/\/www.ltur.com\/de\/blog\/wp-content\/uploads\/2020\/07\/Wandern_1-1024x683.webp\" class=\"attachment-large size-large wp-image-3611\" alt=\"\" srcset=\"https:\/\/www.ltur.com\/de\/blog\/wp-content\/uploads\/2020\/07\/Wandern_1-1024x683.webp 1024w, https:\/\/www.ltur.com\/de\/blog\/wp-content\/uploads\/2020\/07\/Wandern_1-300x200.webp 300w, https:\/\/www.ltur.com\/de\/blog\/wp-content\/uploads\/2020\/07\/Wandern_1-768x512.webp 768w, https:\/\/www.ltur.com\/de\/blog\/wp-content\/uploads\/2020\/07\/Wandern_1.webp 1057w\" sizes=\"(max-width: 800px) 100vw, 800px\" \/>\t\t\t\t\t\t\t\t\t\t\t\t\t\t\t<\/div>\n\t\t\t\t<\/div>\n\t\t\t\t<\/div>\n\t\t<div class=\"elementor-element elementor-element-4e658f9 e-con-full e-flex e-con e-parent\" data-id=\"4e658f9\" data-element_type=\"container\">\n\t\t\t\t<div class=\"elementor-element elementor-element-17c5bfa elementor-widget elementor-widget-heading\" data-id=\"17c5bfa\" data-element_type=\"widget\" data-widget_type=\"heading.default\">\n\t\t\t\t<div class=\"elementor-widget-container\">\n\t\t\t\t\t<h2 class=\"elementor-heading-title elementor-size-default\">Warum Wandern uns belebt<\/h2>\t\t\t\t<\/div>\n\t\t\t\t<\/div>\n\t\t\t\t<div class=\"elementor-element elementor-element-4035663 elementor-widget elementor-widget-text-editor\" data-id=\"4035663\" data-element_type=\"widget\" data-widget_type=\"text-editor.default\">\n\t\t\t\t<div class=\"elementor-widget-container\">\n\t\t\t\t\t\t\t\t\t<p>Kaum eine andere Freizeitaktivit\u00e4t liegt im Moment so sehr im Trend wie das Wandern. Bei einem ausgedehnten Ausflug in die Natur hast du endlich einmal Zeit, deine Gedanken zu sortieren. Die Ruhe und meditative Wirkung einer idyllischen Landschaft, die frische Luft und die Abkehr vom Alltag helfen ungemein bei der Beantwortung der dr\u00e4ngenden Fragen unseres Lebens oder bei gro\u00dfen Entscheidungen. Nicht umsonst gibt es heutzutage immer mehr Lifestylekurse, die zur\u00fcck zur Natur f\u00fchren sollen. Es ist kein Geheimnis, dass selbst kreative und erfolgreiche Menschen sich regelm\u00e4\u00dfig f\u00fcr eine bestimmte Zeit zur\u00fcckziehen, um Kraft zu tanken, produktiv zu bleiben und neue Ideen zu entwickeln. Ein ausgiebiger Waldspaziergang wirkt sich erwiesenerma\u00dfen positiv auf dein Wohlbefinden aus. Und das Beste am Wandern ist, dass du es fast \u00fcberall und ohne gro\u00dfe Vorbereitungen machen kannst. So ist eine Wanderung nicht nur im Urlaub m\u00f6glich, sondern auch hervorragend geeignet, um nach der Arbeit einen freien Kopf zu bekommen oder um etwas Bewegung in den Alltag zu bringen.<\/p>\t\t\t\t\t\t\t\t<\/div>\n\t\t\t\t<\/div>\n\t\t\t\t<\/div>\n\t\t<div class=\"elementor-element elementor-element-bcaf113 e-con-full e-flex e-con e-parent\" data-id=\"bcaf113\" data-element_type=\"container\">\n\t\t\t\t<div class=\"elementor-element elementor-element-8974f96 elementor-widget elementor-widget-heading\" data-id=\"8974f96\" data-element_type=\"widget\" data-widget_type=\"heading.default\">\n\t\t\t\t<div class=\"elementor-widget-container\">\n\t\t\t\t\t<h3 class=\"elementor-heading-title elementor-size-default\">Urspr\u00fcnglichkeit der Natur erleben<\/h3>\t\t\t\t<\/div>\n\t\t\t\t<\/div>\n\t\t\t\t<div class=\"elementor-element elementor-element-51f78cc elementor-widget elementor-widget-text-editor\" data-id=\"51f78cc\" data-element_type=\"widget\" data-widget_type=\"text-editor.default\">\n\t\t\t\t<div class=\"elementor-widget-container\">\n\t\t\t\t\t\t\t\t\t<p>Neben der Selbst\u00fcberwindung ist eine Wanderung aber auch eine perfekte Gelegenheit, die Sch\u00f6nheit der Natur voll in sich aufzunehmen. Beim Wandern bewegst du dich fernab von L\u00e4rm und Hektik der Zivilisation. Dank der Stille und fehlenden Ablenkung werden deine Sinne gesch\u00e4rft und du nimmst deine Umgebung wesentlich besser wahr. Das gem\u00e4chliche Rauschen des Windes in den B\u00e4umen, das Pl\u00e4tschern eines ruhig dahin-flie\u00dfenden Baches oder das Zwitschern der V\u00f6gel \u2013 all diese friedlichen Ger\u00e4usche bringen ein Gef\u00fchl der Naturverbundenheit, das sich auf anderem Wege kaum erreichen l\u00e4sst. Da du dein Tempo bei einer Wanderung selbst bestimmst, kannst du die neuen Eindr\u00fccke allm\u00e4hlich und in deiner dir eigenen Weise aufnehmen. Nach und nach verliert deine Seele an Ballast und steigt wieder in freiere Gefilde auf. So lassen sich schon bei einer kurzen Wanderung Emotionen erleben, die du l\u00e4ngst vergessen hattest und die dein Leben bereichern werden.<\/p>\t\t\t\t\t\t\t\t<\/div>\n\t\t\t\t<\/div>\n\t\t\t\t<div class=\"elementor-element elementor-element-01a68f3 elementor-widget elementor-widget-image\" data-id=\"01a68f3\" data-element_type=\"widget\" data-widget_type=\"image.default\">\n\t\t\t\t<div class=\"elementor-widget-container\">\n\t\t\t\t\t\t\t\t\t\t\t\t\t\t\t<img decoding=\"async\" width=\"800\" height=\"534\" src=\"https:\/\/www.ltur.com\/de\/blog\/wp-content\/uploads\/2020\/07\/Wandern_2-1024x683.webp\" class=\"attachment-large size-large wp-image-3616\" alt=\"\" srcset=\"https:\/\/www.ltur.com\/de\/blog\/wp-content\/uploads\/2020\/07\/Wandern_2-1024x683.webp 1024w, https:\/\/www.ltur.com\/de\/blog\/wp-content\/uploads\/2020\/07\/Wandern_2-300x200.webp 300w, https:\/\/www.ltur.com\/de\/blog\/wp-content\/uploads\/2020\/07\/Wandern_2-768x512.webp 768w, https:\/\/www.ltur.com\/de\/blog\/wp-content\/uploads\/2020\/07\/Wandern_2.webp 1057w\" sizes=\"(max-width: 800px) 100vw, 800px\" \/>\t\t\t\t\t\t\t\t\t\t\t\t\t\t\t<\/div>\n\t\t\t\t<\/div>\n\t\t\t\t<\/div>\n\t\t<div class=\"elementor-element elementor-element-aeb9180 e-con-full e-flex e-con e-parent\" data-id=\"aeb9180\" data-element_type=\"container\">\n\t\t\t\t<div class=\"elementor-element elementor-element-8df2ce0 elementor-widget elementor-widget-heading\" data-id=\"8df2ce0\" data-element_type=\"widget\" data-widget_type=\"heading.default\">\n\t\t\t\t<div class=\"elementor-widget-container\">\n\t\t\t\t\t<h3 class=\"elementor-heading-title elementor-size-default\">Wandern f\u00fcr die Seele macht auch allein Spa\u00df<\/h3>\t\t\t\t<\/div>\n\t\t\t\t<\/div>\n\t\t\t\t<div class=\"elementor-element elementor-element-3b68663 elementor-widget elementor-widget-text-editor\" data-id=\"3b68663\" data-element_type=\"widget\" data-widget_type=\"text-editor.default\">\n\t\t\t\t<div class=\"elementor-widget-container\">\n\t\t\t\t\t\t\t\t\tWenn du einmal Zeit f\u00fcr dich brauchst, ist eine richtige Wanderung ideal, um den n\u00f6tigen Abstand von der allt\u00e4glichen Routine zu gewinnen. Hier findest du wieder zu dir selbst und kannst das gesch\u00e4ftige Treiben der modernen Welt f\u00fcr eine Weile vergessen. Durch neu gewonnene Eindr\u00fccke und die Harmonie der Natur kannst du bei einer Wanderung allein hervorragend \u00fcber dein Leben nachdenken und profitierst durch die selbst gew\u00e4hlte Einsamkeit zus\u00e4tzlich von einem erh\u00f6hten Selbstbewusstsein. Das Gef\u00fchl, allein eine lange und anstrengende Wandertour zu meistern oder ganz f\u00fcr dich auf einem einsamen Aussichtspunkt zu stehen, gibt dir das Gef\u00fchl v\u00f6lliger Freiheit und Ungest\u00f6rtheit \u2013 der Alltag bleibt au\u00dfen vor. Auch wenn eine Wanderung mit Freunden oder der Familie lustig und unterhaltsam sein kann \u2013 allein zu wandern ist wahrer Balsam f\u00fcr die Seele. \t\t\t\t\t\t\t\t<\/div>\n\t\t\t\t<\/div>\n\t\t\t\t<\/div>\n\t\t<div class=\"elementor-element elementor-element-fd71cba e-con-full e-flex e-con e-parent\" data-id=\"fd71cba\" data-element_type=\"container\">\n\t\t\t\t<div class=\"elementor-element elementor-element-f951561 elementor-widget elementor-widget-heading\" data-id=\"f951561\" data-element_type=\"widget\" data-widget_type=\"heading.default\">\n\t\t\t\t<div class=\"elementor-widget-container\">\n\t\t\t\t\t<h2 class=\"elementor-heading-title elementor-size-default\">Eine sportliche und mentale Herausforderung<\/h2>\t\t\t\t<\/div>\n\t\t\t\t<\/div>\n\t\t\t\t<div class=\"elementor-element elementor-element-e75971c elementor-widget elementor-widget-text-editor\" data-id=\"e75971c\" data-element_type=\"widget\" data-widget_type=\"text-editor.default\">\n\t\t\t\t<div class=\"elementor-widget-container\">\n\t\t\t\t\t\t\t\t\t<p>Wandern ist eine gute Gelegenheit, an seine physischen und psychischen Grenzen zu gehen. Bei einer herausfordernden Wanderung, z.B. auf einen Alpengipfel, spielt sowohl die k\u00f6rperliche Fitness eine Rolle als auch die mentale Belastungsf\u00e4higkeit. Selbstverst\u00e4ndlich solltest du dich diesbez\u00fcglich nicht \u00fcbernehmen, dennoch sind solche Grenzerfahrungen geeignet, um dich und deinen K\u00f6rper besser kennenzulernen. Manchmal scheint ein Gipfel un\u00fcberwindbar, aber mit der n\u00f6tigen Konzentration und Anstrengung hast du es trotzdem geschafft. Das einzigartige Gef\u00fchl, seine eigenen Grenzen \u00fcberwunden zu haben und die Gewissheit, dass man sowohl k\u00f6rperlich als auch mental dieser Aufgabe gewachsen war, ist unbezahlbar und ein Grund, weshalb das Wandern f\u00fcr unbeschreibliche Gl\u00fccksmomente sorgt. Diese Eindr\u00fccke heben das Gef\u00fchl der Eigenst\u00e4ndigkeit und f\u00fchren auch dazu, sich den Herausforderungen in anderen Lebensbereichen gewachsen zu f\u00fchlen. Nur wenige Aktivit\u00e4ten bringen so unvergessliche Eindr\u00fccke mit sich, wie das Wandern!<\/p>\t\t\t\t\t\t\t\t<\/div>\n\t\t\t\t<\/div>\n\t\t\t\t<div class=\"elementor-element elementor-element-d438dd9 elementor-widget elementor-widget-image\" data-id=\"d438dd9\" data-element_type=\"widget\" data-widget_type=\"image.default\">\n\t\t\t\t<div class=\"elementor-widget-container\">\n\t\t\t\t\t\t\t\t\t\t\t\t\t\t\t<img decoding=\"async\" width=\"800\" height=\"534\" src=\"https:\/\/www.ltur.com\/de\/blog\/wp-content\/uploads\/2020\/07\/Wandern_3-1024x683.webp\" class=\"attachment-large size-large wp-image-3626\" alt=\"\" srcset=\"https:\/\/www.ltur.com\/de\/blog\/wp-content\/uploads\/2020\/07\/Wandern_3-1024x683.webp 1024w, https:\/\/www.ltur.com\/de\/blog\/wp-content\/uploads\/2020\/07\/Wandern_3-300x200.webp 300w, https:\/\/www.ltur.com\/de\/blog\/wp-content\/uploads\/2020\/07\/Wandern_3-768x512.webp 768w, https:\/\/www.ltur.com\/de\/blog\/wp-content\/uploads\/2020\/07\/Wandern_3.webp 1057w\" sizes=\"(max-width: 800px) 100vw, 800px\" \/>\t\t\t\t\t\t\t\t\t\t\t\t\t\t\t<\/div>\n\t\t\t\t<\/div>\n\t\t\t\t<\/div>\n\t\t<div class=\"elementor-element elementor-element-efc33f3 e-con-full e-flex e-con e-parent\" data-id=\"efc33f3\" data-element_type=\"container\">\n\t\t\t\t<div class=\"elementor-element elementor-element-3cde0d4 elementor-widget elementor-widget-heading\" data-id=\"3cde0d4\" data-element_type=\"widget\" data-widget_type=\"heading.default\">\n\t\t\t\t<div class=\"elementor-widget-container\">\n\t\t\t\t\t<h2 class=\"elementor-heading-title elementor-size-default\">Der Jakobsweg \u2013 einer der ber\u00fchmtesten Wanderwege der Welt<\/h2>\t\t\t\t<\/div>\n\t\t\t\t<\/div>\n\t\t\t\t<div class=\"elementor-element elementor-element-527cc70 elementor-widget elementor-widget-text-editor\" data-id=\"527cc70\" data-element_type=\"widget\" data-widget_type=\"text-editor.default\">\n\t\t\t\t<div class=\"elementor-widget-container\">\n\t\t\t\t\t\t\t\t\t<p>Zwar gibt es wohl in fast jeder Region tolle Wanderziele, doch der ber\u00fchmte Jakobsweg sticht heraus! Er ist eigentlich ein europaweites Netzwerk aus vielen Wanderwegen, die alle wundersch\u00f6n sind. Die einzelnen Pfade, die sich durch den gesamten Westen des europ\u00e4ischen Kontinents ziehen, lassen sich in ihrer nat\u00fcrlichen und kulturellen Vielfalt kaum \u00fcberbieten. Der Hauptweg zieht sich von den imposanten Pyren\u00e4en bis hin zum malerischen Santiago de Compostella. Er wurde aufgrund seiner Einzigartigkeit sogar zum UNESCO-Weltkulturerbe erkl\u00e4rt. Hier wanderst du vorbei an den dramatischen Bergh\u00e4ngen der Westpyren\u00e4en, passierst friedvolle H\u00fcgellandschaften und kleine D\u00f6rfer, die mit ihrem l\u00e4ndlichen Charme zum Verweilen einladen. Durch das Wandern bist du unabh\u00e4ngig von s\u00e4mtlichen Transportmitteln und kannst deine Reise nach eigenen Ma\u00dfst\u00e4ben planen. Dadurch steht der Jakobsweg f\u00fcr ein erf\u00fclltes und kurzweiliges Wanderabenteuer, das dir bestimmt noch lange in Erinnerung bleiben wird.<\/p>\t\t\t\t\t\t\t\t<\/div>\n\t\t\t\t<\/div>\n\t\t\t\t<\/div>\n\t\t<div class=\"elementor-element elementor-element-ded09f3 e-con-full e-flex e-con e-parent\" data-id=\"ded09f3\" data-element_type=\"container\">\n\t\t\t\t<div class=\"elementor-element elementor-element-261ada4 elementor-widget elementor-widget-heading\" data-id=\"261ada4\" data-element_type=\"widget\" data-widget_type=\"heading.default\">\n\t\t\t\t<div class=\"elementor-widget-container\">\n\t\t\t\t\t<h2 class=\"elementor-heading-title elementor-size-default\">Tipps f\u00fcr ein sicheres Wandervergn\u00fcgen<\/h2>\t\t\t\t<\/div>\n\t\t\t\t<\/div>\n\t\t\t\t<div class=\"elementor-element elementor-element-6f56eb2 elementor-widget elementor-widget-text-editor\" data-id=\"6f56eb2\" data-element_type=\"widget\" data-widget_type=\"text-editor.default\">\n\t\t\t\t<div class=\"elementor-widget-container\">\n\t\t\t\t\t\t\t\t\t<p>Um unn\u00f6tigen Schwierigkeiten aus dem Weg zu gehen, sollte eine Wanderung immer gut vorbereitet werden. Gerade bei l\u00e4ngeren Touren ist es wichtig, bis zum Sonnenuntergang eine Unterkunft zu finden. Wandern in der Dunkelheit ist n\u00e4mlich mit einem erh\u00f6hten Risiko verbunden ist. Au\u00dferdem solltest du dich vorher genau \u00fcber die Region, in der du wanderst, informieren. F\u00fchre stets eine genaue Karte mit dir, um dich nicht zu verlaufen. Da sich das Wetter manchmal auch entgegen der Vorhersage verschlechtern kann, solltest du stets\u00a0<a href=\"https:\/\/www.globetrotter.de\/magazin\/kaufberatung-wanderbekleidung\/\">Kleidung f\u00fcr<\/a><a href=\"https:\/\/www.globetrotter.de\/magazin\/kaufberatung-wanderbekleidung\/\" target=\"_blank\" rel=\"noopener\">\u00a0<\/a><a href=\"https:\/\/www.globetrotter.de\/magazin\/kaufberatung-wanderbekleidung\/\">jede Witterung<\/a> im Gep\u00e4ck zu haben. Ausreichend Proviant und Wasser sind selbstverst\u00e4ndlich, da es in abgelegenen Gebieten h\u00e4ufig keine Wirtsh\u00e4user oder L\u00e4den gibt. Auch Apps k\u00f6nnen die Sicherheit beim Wandern unterst\u00fctzten. <a href=\"https:\/\/www.faz.net\/kaufkompass\/test\/die-beste-wander-app\/\" target=\"_blank\" rel=\"noopener\">Hier findest du die besten Apps im Test.<\/a>\u00a0 Zu guter Letzt ist es wichtig, deine Kondition realistisch einzusch\u00e4tzen und dich nicht zu \u00fcbernehmen. Wenn du diese Ratschl\u00e4ge im Hinterkopf beh\u00e4ltst, steht einem sicheren Wanderabenteuer nichts mehr im Wege.\u00a0<\/p>\t\t\t\t\t\t\t\t<\/div>\n\t\t\t\t<\/div>\n\t\t\t\t<div class=\"elementor-element elementor-element-bafa31e elementor-widget elementor-widget-image\" data-id=\"bafa31e\" data-element_type=\"widget\" data-widget_type=\"image.default\">\n\t\t\t\t<div class=\"elementor-widget-container\">\n\t\t\t\t\t\t\t\t\t\t\t\t\t\t\t<img loading=\"lazy\" decoding=\"async\" width=\"800\" height=\"534\" src=\"https:\/\/www.ltur.com\/de\/blog\/wp-content\/uploads\/2020\/07\/Wandern_4-1024x683.webp\" class=\"attachment-large size-large wp-image-3628\" alt=\"\" srcset=\"https:\/\/www.ltur.com\/de\/blog\/wp-content\/uploads\/2020\/07\/Wandern_4-1024x683.webp 1024w, https:\/\/www.ltur.com\/de\/blog\/wp-content\/uploads\/2020\/07\/Wandern_4-300x200.webp 300w, https:\/\/www.ltur.com\/de\/blog\/wp-content\/uploads\/2020\/07\/Wandern_4-768x512.webp 768w, https:\/\/www.ltur.com\/de\/blog\/wp-content\/uploads\/2020\/07\/Wandern_4.webp 1057w\" sizes=\"(max-width: 800px) 100vw, 800px\" \/>\t\t\t\t\t\t\t\t\t\t\t\t\t\t\t<\/div>\n\t\t\t\t<\/div>\n\t\t\t\t<\/div>\n\t\t<div class=\"elementor-element elementor-element-80edd22 e-con-full e-flex e-con e-parent\" data-id=\"80edd22\" data-element_type=\"container\">\n\t\t\t\t<div class=\"elementor-element elementor-element-a87146e elementor-widget elementor-widget-heading\" data-id=\"a87146e\" data-element_type=\"widget\" data-widget_type=\"heading.default\">\n\t\t\t\t<div class=\"elementor-widget-container\">\n\t\t\t\t\t<h2 class=\"elementor-heading-title elementor-size-default\">Neue Erfahrungen, Naturverbundenheit und ein gr\u00f6\u00dferes Selbstbewusstsein<\/h2>\t\t\t\t<\/div>\n\t\t\t\t<\/div>\n\t\t\t\t<div class=\"elementor-element elementor-element-e5be299 elementor-widget elementor-widget-text-editor\" data-id=\"e5be299\" data-element_type=\"widget\" data-widget_type=\"text-editor.default\">\n\t\t\t\t<div class=\"elementor-widget-container\">\n\t\t\t\t\t\t\t\t\t<p>In der heutigen Zeit wird oft erw\u00e4hnt, dass die Menschheit langsam den Bezug zur Natur verliert. Darum ist Wandern nicht nur gut f\u00fcr die Seele, sondern gleichzeitig auch perfekt, um diesem Trend der Abkehr entgegenzuwirken. Gleichzeitig hast du die M\u00f6glichkeit, dich einmal nur auf dein Wohlbefinden zu konzentrieren. Du wirkst der Routine entgegen und gewinnst nebenbei noch an Fitness. Regelm\u00e4\u00dfiges Wandern bringt neue Erfahrungen, durch die du auch mehr \u00fcber dich selbst lernen kannst. Die Verbindung zur Natur r\u00fcckt erneut in das Bewusstsein und du lernst, den kleinen Dingen im Leben wieder Beachtung zu schenken. Kurzum, ein umfassendes Wanderabenteuer sorgt f\u00fcr eine h\u00f6here Lebensqualit\u00e4t, Abwechslung und einen erweiterten Horizont. Und du siehst die Sch\u00f6nheit der Natur noch einmal mit anderen Augen.<\/p>\t\t\t\t\t\t\t\t<\/div>\n\t\t\t\t<\/div>\n\t\t\t\t<\/div>\n\t\t\t\t<\/div>\n\t\t","protected":false},"excerpt":{"rendered":"<p>Egal, ob auf dem Jakobsweg, im Bayrischen Wald oder einfach nur im Wald vor der Haust\u00fcre &#8211; zu Fu\u00df l\u00e4sst sich unsere Natur so toll erkunden! Man kann abschalten, Neues sehen oder den stressigen Alltag f\u00fcr einen Moment vergessen. Wir zeigen dir, warum sich Wandern f\u00fcr die Seele lohnt! Warum Wandern uns belebt Kaum eine [&hellip;]<\/p>\n","protected":false},"author":2,"featured_media":3608,"comment_status":"open","ping_status":"open","sticky":false,"template":"","format":"standard","meta":{"_acf_changed":false,"footnotes":""},"categories":[32,17],"tags":[],"class_list":["post-3607","post","type-post","status-publish","format-standard","has-post-thumbnail","hentry","category-berge","category-entdecken"],"acf":[],"yoast_head":"<!-- This site is optimized with the Yoast SEO Premium plugin v24.5 (Yoast SEO v26.5) - https:\/\/yoast.com\/wordpress\/plugins\/seo\/ -->\n<title>Wandern f\u00fcr die Seele \u2013 Abschalten und Kraft tanken - ltur Reiseblog<\/title>\n<meta name=\"description\" content=\"Wandern ist wichtig f\u00fcr die Seele und f\u00fcr den K\u00f6rper \u2013 folge stillen Naturpfaden entlang toller Landschaften f\u00fcr ein gl\u00fccklicheres Leben.\" \/>\n<meta name=\"robots\" content=\"index, follow, max-snippet:-1, max-image-preview:large, max-video-preview:-1\" \/>\n<link rel=\"canonical\" href=\"https:\/\/www.ltur.com\/de\/blog\/wandern-fuer-die-seele-abschalten-und-kraft-tanken\/\" \/>\n<meta property=\"og:locale\" content=\"de_DE\" \/>\n<meta property=\"og:type\" content=\"article\" \/>\n<meta property=\"og:title\" content=\"Wandern f\u00fcr die Seele \u2013 Abschalten und Kraft tanken\" \/>\n<meta property=\"og:description\" content=\"Wandern ist wichtig f\u00fcr die Seele und f\u00fcr den K\u00f6rper \u2013 folge stillen Naturpfaden entlang toller Landschaften f\u00fcr ein gl\u00fccklicheres Leben.\" \/>\n<meta property=\"og:url\" content=\"https:\/\/www.ltur.com\/de\/blog\/wandern-fuer-die-seele-abschalten-und-kraft-tanken\/\" \/>\n<meta property=\"og:site_name\" content=\"ltur Reiseblog\" \/>\n<meta property=\"article:published_time\" content=\"2020-07-08T13:17:00+00:00\" \/>\n<meta property=\"article:modified_time\" content=\"2025-03-11T14:18:49+00:00\" \/>\n<meta property=\"og:image\" content=\"https:\/\/www.ltur.com\/de\/blog\/wp-content\/uploads\/2025\/03\/Wandern_TB.jpg\" \/>\n\t<meta property=\"og:image:width\" content=\"2000\" \/>\n\t<meta property=\"og:image:height\" content=\"857\" \/>\n\t<meta property=\"og:image:type\" content=\"image\/jpeg\" \/>\n<meta name=\"author\" content=\"Sarah D\u00fcrr\" \/>\n<meta name=\"twitter:card\" content=\"summary_large_image\" \/>\n<meta name=\"twitter:label1\" content=\"Verfasst von\" \/>\n\t<meta name=\"twitter:data1\" content=\"Sarah D\u00fcrr\" \/>\n\t<meta name=\"twitter:label2\" content=\"Gesch\u00e4tzte Lesezeit\" \/>\n\t<meta name=\"twitter:data2\" content=\"7\u00a0Minuten\" \/>\n<script type=\"application\/ld+json\" class=\"yoast-schema-graph\">{\"@context\":\"https:\/\/schema.org\",\"@graph\":[{\"@type\":\"Article\",\"@id\":\"https:\/\/www.ltur.com\/de\/blog\/wandern-fuer-die-seele-abschalten-und-kraft-tanken\/#article\",\"isPartOf\":{\"@id\":\"https:\/\/www.ltur.com\/de\/blog\/wandern-fuer-die-seele-abschalten-und-kraft-tanken\/\"},\"author\":{\"name\":\"Sarah D\u00fcrr\",\"@id\":\"https:\/\/www.ltur.com\/de\/blog\/#\/schema\/person\/0821a74c66b3d114c8243766e09f26f5\"},\"headline\":\"Wandern f\u00fcr die Seele \u2013 Abschalten und Kraft tanken\",\"datePublished\":\"2020-07-08T13:17:00+00:00\",\"dateModified\":\"2025-03-11T14:18:49+00:00\",\"mainEntityOfPage\":{\"@id\":\"https:\/\/www.ltur.com\/de\/blog\/wandern-fuer-die-seele-abschalten-und-kraft-tanken\/\"},\"wordCount\":1192,\"commentCount\":0,\"publisher\":{\"@id\":\"https:\/\/www.ltur.com\/de\/blog\/#organization\"},\"image\":{\"@id\":\"https:\/\/www.ltur.com\/de\/blog\/wandern-fuer-die-seele-abschalten-und-kraft-tanken\/#primaryimage\"},\"thumbnailUrl\":\"https:\/\/www.ltur.com\/de\/blog\/wp-content\/uploads\/2025\/03\/Wandern_TB.webp\",\"articleSection\":[\"Berge\",\"Entdecken\"],\"inLanguage\":\"de\",\"potentialAction\":[{\"@type\":\"CommentAction\",\"name\":\"Comment\",\"target\":[\"https:\/\/www.ltur.com\/de\/blog\/wandern-fuer-die-seele-abschalten-und-kraft-tanken\/#respond\"]}]},{\"@type\":\"WebPage\",\"@id\":\"https:\/\/www.ltur.com\/de\/blog\/wandern-fuer-die-seele-abschalten-und-kraft-tanken\/\",\"url\":\"https:\/\/www.ltur.com\/de\/blog\/wandern-fuer-die-seele-abschalten-und-kraft-tanken\/\",\"name\":\"Wandern f\u00fcr die Seele \u2013 Abschalten und Kraft tanken - ltur Reiseblog\",\"isPartOf\":{\"@id\":\"https:\/\/www.ltur.com\/de\/blog\/#website\"},\"primaryImageOfPage\":{\"@id\":\"https:\/\/www.ltur.com\/de\/blog\/wandern-fuer-die-seele-abschalten-und-kraft-tanken\/#primaryimage\"},\"image\":{\"@id\":\"https:\/\/www.ltur.com\/de\/blog\/wandern-fuer-die-seele-abschalten-und-kraft-tanken\/#primaryimage\"},\"thumbnailUrl\":\"https:\/\/www.ltur.com\/de\/blog\/wp-content\/uploads\/2025\/03\/Wandern_TB.webp\",\"datePublished\":\"2020-07-08T13:17:00+00:00\",\"dateModified\":\"2025-03-11T14:18:49+00:00\",\"description\":\"Wandern ist wichtig f\u00fcr die Seele und f\u00fcr den K\u00f6rper \u2013 folge stillen Naturpfaden entlang toller Landschaften f\u00fcr ein gl\u00fccklicheres Leben.\",\"breadcrumb\":{\"@id\":\"https:\/\/www.ltur.com\/de\/blog\/wandern-fuer-die-seele-abschalten-und-kraft-tanken\/#breadcrumb\"},\"inLanguage\":\"de\",\"potentialAction\":[{\"@type\":\"ReadAction\",\"target\":[\"https:\/\/www.ltur.com\/de\/blog\/wandern-fuer-die-seele-abschalten-und-kraft-tanken\/\"]}]},{\"@type\":\"ImageObject\",\"inLanguage\":\"de\",\"@id\":\"https:\/\/www.ltur.com\/de\/blog\/wandern-fuer-die-seele-abschalten-und-kraft-tanken\/#primaryimage\",\"url\":\"https:\/\/www.ltur.com\/de\/blog\/wp-content\/uploads\/2025\/03\/Wandern_TB.webp\",\"contentUrl\":\"https:\/\/www.ltur.com\/de\/blog\/wp-content\/uploads\/2025\/03\/Wandern_TB.webp\",\"width\":1920,\"height\":823},{\"@type\":\"BreadcrumbList\",\"@id\":\"https:\/\/www.ltur.com\/de\/blog\/wandern-fuer-die-seele-abschalten-und-kraft-tanken\/#breadcrumb\",\"itemListElement\":[{\"@type\":\"ListItem\",\"position\":1,\"name\":\"Startseite\",\"item\":\"https:\/\/www.ltur.com\/de\/blog\/\"},{\"@type\":\"ListItem\",\"position\":2,\"name\":\"Wandern f\u00fcr die Seele \u2013 Abschalten und Kraft tanken\"}]},{\"@type\":\"WebSite\",\"@id\":\"https:\/\/www.ltur.com\/de\/blog\/#website\",\"url\":\"https:\/\/www.ltur.com\/de\/blog\/\",\"name\":\"ltur Reiseblog\",\"description\":\"Reisetipps und Inspiration\",\"publisher\":{\"@id\":\"https:\/\/www.ltur.com\/de\/blog\/#organization\"},\"alternateName\":\"l'tur Blog\",\"potentialAction\":[{\"@type\":\"SearchAction\",\"target\":{\"@type\":\"EntryPoint\",\"urlTemplate\":\"https:\/\/www.ltur.com\/de\/blog\/?s={search_term_string}\"},\"query-input\":{\"@type\":\"PropertyValueSpecification\",\"valueRequired\":true,\"valueName\":\"search_term_string\"}}],\"inLanguage\":\"de\"},{\"@type\":\"Organization\",\"@id\":\"https:\/\/www.ltur.com\/de\/blog\/#organization\",\"name\":\"ltur Reiseblog\",\"url\":\"https:\/\/www.ltur.com\/de\/blog\/\",\"logo\":{\"@type\":\"ImageObject\",\"inLanguage\":\"de\",\"@id\":\"https:\/\/www.ltur.com\/de\/blog\/#\/schema\/logo\/image\/\",\"url\":\"https:\/\/www.ltur.com\/de\/blog\/wp-content\/uploads\/2024\/04\/ltur_logo_white.svg\",\"contentUrl\":\"https:\/\/www.ltur.com\/de\/blog\/wp-content\/uploads\/2024\/04\/ltur_logo_white.svg\",\"caption\":\"ltur Reiseblog\"},\"image\":{\"@id\":\"https:\/\/www.ltur.com\/de\/blog\/#\/schema\/logo\/image\/\"}},{\"@type\":\"Person\",\"@id\":\"https:\/\/www.ltur.com\/de\/blog\/#\/schema\/person\/0821a74c66b3d114c8243766e09f26f5\",\"name\":\"Sarah D\u00fcrr\",\"image\":{\"@type\":\"ImageObject\",\"inLanguage\":\"de\",\"@id\":\"https:\/\/www.ltur.com\/de\/blog\/#\/schema\/person\/image\/\",\"url\":\"https:\/\/secure.gravatar.com\/avatar\/d9e366775b3112ce46826d336baf312cc4a90d668736b78f9fac2a340404c925?s=96&d=mm&r=g\",\"contentUrl\":\"https:\/\/secure.gravatar.com\/avatar\/d9e366775b3112ce46826d336baf312cc4a90d668736b78f9fac2a340404c925?s=96&d=mm&r=g\",\"caption\":\"Sarah D\u00fcrr\"},\"description\":\"Das st\u00e4ndige Fernweh treibt mich an, meine Reiseerlebnisse zu teilen und Menschen dazu zu inspirieren, die Welt mit eigenen Augen zu entdecken. Dabei ist es f\u00fcr mich besonders faszinierend, neue Hotels zu erkunden und in verschiedene Kulturen einzutauchen. Ob bei einem entspannten Strandurlaub, einem abenteuerlichen Skiausflug oder einem lebendigen St\u00e4dtetrip mit den besten Freunden \u2013 jede Reise er\u00f6ffnet uns nicht nur unvergessliche Momente, sondern auch die M\u00f6glichkeit, fremde Welten zu verstehen und zu sch\u00e4tzen.\",\"url\":\"https:\/\/www.ltur.com\/de\/blog\/author\/sarah-duerr\/\"}]}<\/script>\n<!-- \/ Yoast SEO Premium plugin. -->","yoast_head_json":{"title":"Wandern f\u00fcr die Seele \u2013 Abschalten und Kraft tanken - ltur Reiseblog","description":"Wandern ist wichtig f\u00fcr die Seele und f\u00fcr den K\u00f6rper \u2013 folge stillen Naturpfaden entlang toller Landschaften f\u00fcr ein gl\u00fccklicheres Leben.","robots":{"index":"index","follow":"follow","max-snippet":"max-snippet:-1","max-image-preview":"max-image-preview:large","max-video-preview":"max-video-preview:-1"},"canonical":"https:\/\/www.ltur.com\/de\/blog\/wandern-fuer-die-seele-abschalten-und-kraft-tanken\/","og_locale":"de_DE","og_type":"article","og_title":"Wandern f\u00fcr die Seele \u2013 Abschalten und Kraft tanken","og_description":"Wandern ist wichtig f\u00fcr die Seele und f\u00fcr den K\u00f6rper \u2013 folge stillen Naturpfaden entlang toller Landschaften f\u00fcr ein gl\u00fccklicheres Leben.","og_url":"https:\/\/www.ltur.com\/de\/blog\/wandern-fuer-die-seele-abschalten-und-kraft-tanken\/","og_site_name":"ltur Reiseblog","article_published_time":"2020-07-08T13:17:00+00:00","article_modified_time":"2025-03-11T14:18:49+00:00","og_image":[{"width":2000,"height":857,"url":"https:\/\/www.ltur.com\/de\/blog\/wp-content\/uploads\/2025\/03\/Wandern_TB.jpg","type":"image\/jpeg"}],"author":"Sarah D\u00fcrr","twitter_card":"summary_large_image","twitter_misc":{"Verfasst von":"Sarah D\u00fcrr","Gesch\u00e4tzte Lesezeit":"7\u00a0Minuten"},"schema":{"@context":"https:\/\/schema.org","@graph":[{"@type":"Article","@id":"https:\/\/www.ltur.com\/de\/blog\/wandern-fuer-die-seele-abschalten-und-kraft-tanken\/#article","isPartOf":{"@id":"https:\/\/www.ltur.com\/de\/blog\/wandern-fuer-die-seele-abschalten-und-kraft-tanken\/"},"author":{"name":"Sarah D\u00fcrr","@id":"https:\/\/www.ltur.com\/de\/blog\/#\/schema\/person\/0821a74c66b3d114c8243766e09f26f5"},"headline":"Wandern f\u00fcr die Seele \u2013 Abschalten und Kraft tanken","datePublished":"2020-07-08T13:17:00+00:00","dateModified":"2025-03-11T14:18:49+00:00","mainEntityOfPage":{"@id":"https:\/\/www.ltur.com\/de\/blog\/wandern-fuer-die-seele-abschalten-und-kraft-tanken\/"},"wordCount":1192,"commentCount":0,"publisher":{"@id":"https:\/\/www.ltur.com\/de\/blog\/#organization"},"image":{"@id":"https:\/\/www.ltur.com\/de\/blog\/wandern-fuer-die-seele-abschalten-und-kraft-tanken\/#primaryimage"},"thumbnailUrl":"https:\/\/www.ltur.com\/de\/blog\/wp-content\/uploads\/2025\/03\/Wandern_TB.webp","articleSection":["Berge","Entdecken"],"inLanguage":"de","potentialAction":[{"@type":"CommentAction","name":"Comment","target":["https:\/\/www.ltur.com\/de\/blog\/wandern-fuer-die-seele-abschalten-und-kraft-tanken\/#respond"]}]},{"@type":"WebPage","@id":"https:\/\/www.ltur.com\/de\/blog\/wandern-fuer-die-seele-abschalten-und-kraft-tanken\/","url":"https:\/\/www.ltur.com\/de\/blog\/wandern-fuer-die-seele-abschalten-und-kraft-tanken\/","name":"Wandern f\u00fcr die Seele \u2013 Abschalten und Kraft tanken - ltur Reiseblog","isPartOf":{"@id":"https:\/\/www.ltur.com\/de\/blog\/#website"},"primaryImageOfPage":{"@id":"https:\/\/www.ltur.com\/de\/blog\/wandern-fuer-die-seele-abschalten-und-kraft-tanken\/#primaryimage"},"image":{"@id":"https:\/\/www.ltur.com\/de\/blog\/wandern-fuer-die-seele-abschalten-und-kraft-tanken\/#primaryimage"},"thumbnailUrl":"https:\/\/www.ltur.com\/de\/blog\/wp-content\/uploads\/2025\/03\/Wandern_TB.webp","datePublished":"2020-07-08T13:17:00+00:00","dateModified":"2025-03-11T14:18:49+00:00","description":"Wandern ist wichtig f\u00fcr die Seele und f\u00fcr den K\u00f6rper \u2013 folge stillen Naturpfaden entlang toller Landschaften f\u00fcr ein gl\u00fccklicheres Leben.","breadcrumb":{"@id":"https:\/\/www.ltur.com\/de\/blog\/wandern-fuer-die-seele-abschalten-und-kraft-tanken\/#breadcrumb"},"inLanguage":"de","potentialAction":[{"@type":"ReadAction","target":["https:\/\/www.ltur.com\/de\/blog\/wandern-fuer-die-seele-abschalten-und-kraft-tanken\/"]}]},{"@type":"ImageObject","inLanguage":"de","@id":"https:\/\/www.ltur.com\/de\/blog\/wandern-fuer-die-seele-abschalten-und-kraft-tanken\/#primaryimage","url":"https:\/\/www.ltur.com\/de\/blog\/wp-content\/uploads\/2025\/03\/Wandern_TB.webp","contentUrl":"https:\/\/www.ltur.com\/de\/blog\/wp-content\/uploads\/2025\/03\/Wandern_TB.webp","width":1920,"height":823},{"@type":"BreadcrumbList","@id":"https:\/\/www.ltur.com\/de\/blog\/wandern-fuer-die-seele-abschalten-und-kraft-tanken\/#breadcrumb","itemListElement":[{"@type":"ListItem","position":1,"name":"Startseite","item":"https:\/\/www.ltur.com\/de\/blog\/"},{"@type":"ListItem","position":2,"name":"Wandern f\u00fcr die Seele \u2013 Abschalten und Kraft tanken"}]},{"@type":"WebSite","@id":"https:\/\/www.ltur.com\/de\/blog\/#website","url":"https:\/\/www.ltur.com\/de\/blog\/","name":"ltur Reiseblog","description":"Reisetipps und Inspiration","publisher":{"@id":"https:\/\/www.ltur.com\/de\/blog\/#organization"},"alternateName":"l'tur Blog","potentialAction":[{"@type":"SearchAction","target":{"@type":"EntryPoint","urlTemplate":"https:\/\/www.ltur.com\/de\/blog\/?s={search_term_string}"},"query-input":{"@type":"PropertyValueSpecification","valueRequired":true,"valueName":"search_term_string"}}],"inLanguage":"de"},{"@type":"Organization","@id":"https:\/\/www.ltur.com\/de\/blog\/#organization","name":"ltur Reiseblog","url":"https:\/\/www.ltur.com\/de\/blog\/","logo":{"@type":"ImageObject","inLanguage":"de","@id":"https:\/\/www.ltur.com\/de\/blog\/#\/schema\/logo\/image\/","url":"https:\/\/www.ltur.com\/de\/blog\/wp-content\/uploads\/2024\/04\/ltur_logo_white.svg","contentUrl":"https:\/\/www.ltur.com\/de\/blog\/wp-content\/uploads\/2024\/04\/ltur_logo_white.svg","caption":"ltur Reiseblog"},"image":{"@id":"https:\/\/www.ltur.com\/de\/blog\/#\/schema\/logo\/image\/"}},{"@type":"Person","@id":"https:\/\/www.ltur.com\/de\/blog\/#\/schema\/person\/0821a74c66b3d114c8243766e09f26f5","name":"Sarah D\u00fcrr","image":{"@type":"ImageObject","inLanguage":"de","@id":"https:\/\/www.ltur.com\/de\/blog\/#\/schema\/person\/image\/","url":"https:\/\/secure.gravatar.com\/avatar\/d9e366775b3112ce46826d336baf312cc4a90d668736b78f9fac2a340404c925?s=96&d=mm&r=g","contentUrl":"https:\/\/secure.gravatar.com\/avatar\/d9e366775b3112ce46826d336baf312cc4a90d668736b78f9fac2a340404c925?s=96&d=mm&r=g","caption":"Sarah D\u00fcrr"},"description":"Das st\u00e4ndige Fernweh treibt mich an, meine Reiseerlebnisse zu teilen und Menschen dazu zu inspirieren, die Welt mit eigenen Augen zu entdecken. Dabei ist es f\u00fcr mich besonders faszinierend, neue Hotels zu erkunden und in verschiedene Kulturen einzutauchen. Ob bei einem entspannten Strandurlaub, einem abenteuerlichen Skiausflug oder einem lebendigen St\u00e4dtetrip mit den besten Freunden \u2013 jede Reise er\u00f6ffnet uns nicht nur unvergessliche Momente, sondern auch die M\u00f6glichkeit, fremde Welten zu verstehen und zu sch\u00e4tzen.","url":"https:\/\/www.ltur.com\/de\/blog\/author\/sarah-duerr\/"}]}},"_links":{"self":[{"href":"https:\/\/www.ltur.com\/de\/blog\/wp-json\/wp\/v2\/posts\/3607","targetHints":{"allow":["GET"]}}],"collection":[{"href":"https:\/\/www.ltur.com\/de\/blog\/wp-json\/wp\/v2\/posts"}],"about":[{"href":"https:\/\/www.ltur.com\/de\/blog\/wp-json\/wp\/v2\/types\/post"}],"author":[{"embeddable":true,"href":"https:\/\/www.ltur.com\/de\/blog\/wp-json\/wp\/v2\/users\/2"}],"replies":[{"embeddable":true,"href":"https:\/\/www.ltur.com\/de\/blog\/wp-json\/wp\/v2\/comments?post=3607"}],"version-history":[{"count":25,"href":"https:\/\/www.ltur.com\/de\/blog\/wp-json\/wp\/v2\/posts\/3607\/revisions"}],"predecessor-version":[{"id":3691,"href":"https:\/\/www.ltur.com\/de\/blog\/wp-json\/wp\/v2\/posts\/3607\/revisions\/3691"}],"wp:featuredmedia":[{"embeddable":true,"href":"https:\/\/www.ltur.com\/de\/blog\/wp-json\/wp\/v2\/media\/3608"}],"wp:attachment":[{"href":"https:\/\/www.ltur.com\/de\/blog\/wp-json\/wp\/v2\/media?parent=3607"}],"wp:term":[{"taxonomy":"category","embeddable":true,"href":"https:\/\/www.ltur.com\/de\/blog\/wp-json\/wp\/v2\/categories?post=3607"},{"taxonomy":"post_tag","embeddable":true,"href":"https:\/\/www.ltur.com\/de\/blog\/wp-json\/wp\/v2\/tags?post=3607"}],"curies":[{"name":"wp","href":"https:\/\/api.w.org\/{rel}","templated":true}]}}