{"id":10212,"date":"2026-08-26T12:34:52","date_gmt":"2026-08-26T12:34:52","guid":{"rendered":"https:\/\/www.ltur.com\/de\/blog\/?p=10212"},"modified":"2026-09-01T06:42:12","modified_gmt":"2026-09-01T06:42:12","slug":"abenteuer-aktivurlaub-finde-das-erlebnis-das-perfekt-zu-dir-passt","status":"publish","type":"post","link":"https:\/\/www.ltur.com\/de\/blog\/abenteuer-aktivurlaub-finde-das-erlebnis-das-perfekt-zu-dir-passt\/","title":{"rendered":"Abenteuer- &amp; Aktivurlaub: Finde das Erlebnis, das perfekt zu dir passt!"},"content":{"rendered":"<div id=\"bsf_rt_marker\"><\/div>\t\t<div data-elementor-type=\"wp-post\" data-elementor-id=\"10212\" class=\"elementor elementor-10212\" data-elementor-post-type=\"post\">\n\t\t\t\t<div class=\"elementor-element elementor-element-7b491c0 e-con-full e-flex e-con e-parent\" data-id=\"7b491c0\" data-element_type=\"container\">\n\t\t\t\t<div class=\"elementor-element elementor-element-7cc17c1 elementor-widget elementor-widget-heading\" data-id=\"7cc17c1\" data-element_type=\"widget\" data-widget_type=\"heading.default\">\n\t\t\t\t<div class=\"elementor-widget-container\">\n\t\t\t\t\t<h2 class=\"elementor-heading-title elementor-size-default\">Abenteuerurlaub &amp; Aktivurlaub: Finde dein Abenteuer \u2013 einfach und sicher<\/h2>\t\t\t\t<\/div>\n\t\t\t\t<\/div>\n\t\t\t\t<div class=\"elementor-element elementor-element-01c3531 elementor-widget elementor-widget-text-editor\" data-id=\"01c3531\" data-element_type=\"widget\" data-widget_type=\"text-editor.default\">\n\t\t\t\t<div class=\"elementor-widget-container\">\n\t\t\t\t\t\t\t\t\t<p>Meer oder Berge? Wellen jagen oder H\u00f6henmeter sammeln? Die Entscheidung f\u00fcr den n\u00e4chsten Aktivurlaub f\u00e4llt oft schwer, wenn man mehr will, als nur am Pool zu liegen. Dieser Guide zeigt dir, was wirklich zu dir passt \u2013 mit einem klaren Plan und viel Bauchgef\u00fchl.<\/p>\t\t\t\t\t\t\t\t<\/div>\n\t\t\t\t<\/div>\n\t\t\t\t<\/div>\n\t\t<div class=\"elementor-element elementor-element-0c45d22 e-con-full e-flex e-con e-parent\" data-id=\"0c45d22\" data-element_type=\"container\">\n\t\t\t\t<div class=\"elementor-element elementor-element-73eb53e elementor-widget elementor-widget-heading\" data-id=\"73eb53e\" data-element_type=\"widget\" data-widget_type=\"heading.default\">\n\t\t\t\t<div class=\"elementor-widget-container\">\n\t\t\t\t\t<h2 class=\"elementor-heading-title elementor-size-default\">Was z\u00e4hlt eigentlich als Abenteuer- bzw. Aktivurlaub?<\/h2>\t\t\t\t<\/div>\n\t\t\t\t<\/div>\n\t\t\t\t<div class=\"elementor-element elementor-element-3fc874a elementor-widget elementor-widget-text-editor\" data-id=\"3fc874a\" data-element_type=\"widget\" data-widget_type=\"text-editor.default\">\n\t\t\t\t<div class=\"elementor-widget-container\">\n\t\t\t\t\t\t\t\t\tEin Abenteuer- oder Aktivurlaub ist weit mehr als nur Sport im Freien. Es ist die bewusste Entscheidung, den Alltag hinter sich zu lassen und die eigene Komfortzone ein St\u00fcck weit zu dehnen. W\u00e4hrend ein reiner Erholungsurlaub meist auf Passivit\u00e4t setzt, geht es hier um das aktive Erleben der Natur. Du sp\u00fcrst den Wind beim Kiten, den rauen Fels beim Klettern oder die Ruhe eines Bergsees nach einem steilen Aufstieg. Es ist die perfekte Mischung aus k\u00f6rperlicher Forderung und mentaler Entspannung.\t\t\t\t\t\t\t\t<\/div>\n\t\t\t\t<\/div>\n\t\t\t\t<\/div>\n\t\t<div class=\"elementor-element elementor-element-fca7246 e-con-full e-flex e-con e-parent\" data-id=\"fca7246\" data-element_type=\"container\">\n\t\t\t\t<div class=\"elementor-element elementor-element-7ddb600 elementor-widget elementor-widget-heading\" data-id=\"7ddb600\" data-element_type=\"widget\" data-widget_type=\"heading.default\">\n\t\t\t\t<div class=\"elementor-widget-container\">\n\t\t\t\t\t<h2 class=\"elementor-heading-title elementor-size-default\">Welche Aktivit\u00e4ten kann man machen?<\/h2>\t\t\t\t<\/div>\n\t\t\t\t<\/div>\n\t\t\t\t<div class=\"elementor-element elementor-element-4e3cddf elementor-widget elementor-widget-text-editor\" data-id=\"4e3cddf\" data-element_type=\"widget\" data-widget_type=\"text-editor.default\">\n\t\t\t\t<div class=\"elementor-widget-container\">\n\t\t\t\t\t\t\t\t\tDie Bandbreite ist riesig und bietet f\u00fcr jeden Geschmack das Richtige. Wer die Berge liebt, findet beim Wandern, Trekking oder auf anspruchsvollen Mountainbike-Trails sein Gl\u00fcck. Wassersportbegeisterte zieht es zum Surfen, Kiten oder Tauchen an die K\u00fcsten, w\u00e4hrend Ruhesuchende beim Kajakfahren oder Stand-up-Paddling in versteckten Buchten entspannen. F\u00fcr den besonderen Kick sorgen Klettersteige oder Canyoning-Touren. Und wer es lieber individuell mag, w\u00e4hlt ein \u201eRoadtrip-Adventure\u201c oder eine \u201eExpedition Light\u201c, um unbekannte Pfade zu entdecken.\t\t\t\t\t\t\t\t<\/div>\n\t\t\t\t<\/div>\n\t\t\t\t<\/div>\n\t\t<div class=\"elementor-element elementor-element-10040a3 e-con-full e-flex e-con e-parent\" data-id=\"10040a3\" data-element_type=\"container\">\n\t\t\t\t<div class=\"elementor-element elementor-element-5c35398 elementor-widget elementor-widget-heading\" data-id=\"5c35398\" data-element_type=\"widget\" data-widget_type=\"heading.default\">\n\t\t\t\t<div class=\"elementor-widget-container\">\n\t\t\t\t\t<h2 class=\"elementor-heading-title elementor-size-default\">F\u00fcr wen ist diese Art zu reisen geeignet?<\/h2>\t\t\t\t<\/div>\n\t\t\t\t<\/div>\n\t\t\t\t<div class=\"elementor-element elementor-element-a279543 elementor-widget elementor-widget-text-editor\" data-id=\"a279543\" data-element_type=\"widget\" data-widget_type=\"text-editor.default\">\n\t\t\t\t<div class=\"elementor-widget-container\">\n\t\t\t\t\t\t\t\t\t<p>Abenteuer kennt keine Altersgrenze. Einsteiger profitieren von professionellen Schulen und gef\u00fchrten Touren, um sicher in eine neue Sportart hineinzuschnuppern. Junge Leute suchen oft den Adrenalinkick in der Gruppe, w\u00e4hrend Familien durch gemeinsame Aktivit\u00e4ten den Zusammenhalt st\u00e4rken. Auch die Generation 60+ entdeckt zunehmend den Reiz von moderaten Wanderreisen, und Solo-Reisende finden in Aktiv-Camps schnell Anschluss an Gleichgesinnte. Die wichtigste Nachricht vorab: Du brauchst keine jahrelange Vorerfahrung f\u00fcr einen Aktivurlaub: Neugier und eine gesunde Grundfitness reichen meist v\u00f6llig aus.<\/p>\t\t\t\t\t\t\t\t<\/div>\n\t\t\t\t<\/div>\n\t\t\t\t<\/div>\n\t\t<div class=\"elementor-element elementor-element-d608ce2 e-con-full e-flex e-con e-parent\" data-id=\"d608ce2\" data-element_type=\"container\">\n\t\t\t\t<div class=\"elementor-element elementor-element-22a4331 elementor-widget elementor-widget-heading\" data-id=\"22a4331\" data-element_type=\"widget\" data-widget_type=\"heading.default\">\n\t\t\t\t<div class=\"elementor-widget-container\">\n\t\t\t\t\t<h2 class=\"elementor-heading-title elementor-size-default\">6 Top-Ziele f\u00fcr Abenteuerurlaub im Schnell\u00fcberblick<\/h2>\t\t\t\t<\/div>\n\t\t\t\t<\/div>\n\t\t<div class=\"elementor-element elementor-element-3e2fa5f e-flex e-con-boxed e-con e-child\" data-id=\"3e2fa5f\" data-element_type=\"container\">\n\t\t\t\t\t<div class=\"e-con-inner\">\n\t\t\t\t<div class=\"elementor-element elementor-element-594d258 elementor-widget elementor-widget-image\" data-id=\"594d258\" data-element_type=\"widget\" data-widget_type=\"image.default\">\n\t\t\t\t<div class=\"elementor-widget-container\">\n\t\t\t\t\t\t\t\t\t\t\t\t\t\t\t<img fetchpriority=\"high\" decoding=\"async\" width=\"800\" height=\"1000\" src=\"https:\/\/www.ltur.com\/de\/blog\/wp-content\/uploads\/2026\/08\/Offpage-Ltur-Entscheidungsmatrix-Blog-1-819x1024.png\" class=\"attachment-large size-large wp-image-10236\" alt=\"\" srcset=\"https:\/\/www.ltur.com\/de\/blog\/wp-content\/uploads\/2026\/08\/Offpage-Ltur-Entscheidungsmatrix-Blog-1-819x1024.png 819w, https:\/\/www.ltur.com\/de\/blog\/wp-content\/uploads\/2026\/08\/Offpage-Ltur-Entscheidungsmatrix-Blog-1-240x300.png 240w, https:\/\/www.ltur.com\/de\/blog\/wp-content\/uploads\/2026\/08\/Offpage-Ltur-Entscheidungsmatrix-Blog-1-768x960.png 768w, https:\/\/www.ltur.com\/de\/blog\/wp-content\/uploads\/2026\/08\/Offpage-Ltur-Entscheidungsmatrix-Blog-1.png 1080w\" sizes=\"(max-width: 800px) 100vw, 800px\" \/>\t\t\t\t\t\t\t\t\t\t\t\t\t\t\t<\/div>\n\t\t\t\t<\/div>\n\t\t\t\t\t<\/div>\n\t\t\t\t<\/div>\n\t\t\t\t<div class=\"elementor-element elementor-element-fddb1ba elementor-widget elementor-widget-heading\" data-id=\"fddb1ba\" data-element_type=\"widget\" data-widget_type=\"heading.default\">\n\t\t\t\t<div class=\"elementor-widget-container\">\n\t\t\t\t\t<h3 class=\"elementor-heading-title elementor-size-default\">Algarve (Portugal) \u2013 Der wilde Westen Europas<\/h3>\t\t\t\t<\/div>\n\t\t\t\t<\/div>\n\t\t<div class=\"elementor-element elementor-element-939a17c e-flex e-con-boxed e-con e-child\" data-id=\"939a17c\" data-element_type=\"container\">\n\t\t\t\t\t<div class=\"e-con-inner\">\n\t\t\t\t<div class=\"elementor-element elementor-element-0f0e32d elementor-widget elementor-widget-image\" data-id=\"0f0e32d\" data-element_type=\"widget\" data-widget_type=\"image.default\">\n\t\t\t\t<div class=\"elementor-widget-container\">\n\t\t\t\t\t\t\t\t\t\t\t\t\t\t\t<img decoding=\"async\" width=\"800\" height=\"534\" src=\"https:\/\/www.ltur.com\/de\/blog\/wp-content\/uploads\/2026\/08\/Blog-Slider-11-1-1024x683.png\" class=\"attachment-large size-large wp-image-10247\" alt=\"Felsk\u00fcste an der Algarve in Portugal\" srcset=\"https:\/\/www.ltur.com\/de\/blog\/wp-content\/uploads\/2026\/08\/Blog-Slider-11-1-1024x683.png 1024w, https:\/\/www.ltur.com\/de\/blog\/wp-content\/uploads\/2026\/08\/Blog-Slider-11-1-300x200.png 300w, https:\/\/www.ltur.com\/de\/blog\/wp-content\/uploads\/2026\/08\/Blog-Slider-11-1-768x512.png 768w, https:\/\/www.ltur.com\/de\/blog\/wp-content\/uploads\/2026\/08\/Blog-Slider-11-1.png 1057w\" sizes=\"(max-width: 800px) 100vw, 800px\" \/>\t\t\t\t\t\t\t\t\t\t\t\t\t\t\t<\/div>\n\t\t\t\t<\/div>\n\t\t\t\t\t<\/div>\n\t\t\t\t<\/div>\n\t\t\t\t<div class=\"elementor-element elementor-element-79cb740 elementor-widget elementor-widget-text-editor\" data-id=\"79cb740\" data-element_type=\"widget\" data-widget_type=\"text-editor.default\">\n\t\t\t\t<div class=\"elementor-widget-container\">\n\t\t\t\t\t\t\t\t\t<p>Die Algarve besticht durch ihren rauen Vibe: Wilde Klippen, versteckte Buchten und der m\u00e4chtige Atlantik pr\u00e4gen das Bild. Es ist das ideale Terrain f\u00fcr alle, die Wind und Weite lieben. Ob du beim Surfen die perfekte Welle suchst, beim Kiten \u00fcber das Wasser gleitest oder die K\u00fcste auf der ber\u00fchmten \u201eRota Vicentina\u201c zu Fu\u00df erkundest \u2013 Action ist hier garantiert.<\/p><p><strong>\u2022 Beste Zeit:<\/strong> Fr\u00fchling und Herbst sind ideal zum Wandern; der Sommer geh\u00f6rt den Wassersportlern.<br \/><strong>\u2022 Wichtiger Tipp:<\/strong> Untersch\u00e4tze niemals den k\u00fchlen Meereswind \u2013 ein hoher Sonnenschutz ist auch bei gef\u00fchlt milden Temperaturen Pflicht.<\/p>\t\t\t\t\t\t\t\t<\/div>\n\t\t\t\t<\/div>\n\t\t\t\t<div class=\"elementor-element elementor-element-6c56172 elementor-widget elementor-widget-heading\" data-id=\"6c56172\" data-element_type=\"widget\" data-widget_type=\"heading.default\">\n\t\t\t\t<div class=\"elementor-widget-container\">\n\t\t\t\t\t<h3 class=\"elementor-heading-title elementor-size-default\">\u00d6sterreich (Tirol &amp; Salzburger Land) \u2013 Gipfelgl\u00fcck pur!<\/h3>\t\t\t\t<\/div>\n\t\t\t\t<\/div>\n\t\t<div class=\"elementor-element elementor-element-99910e7 e-flex e-con-boxed e-con e-child\" data-id=\"99910e7\" data-element_type=\"container\">\n\t\t\t\t\t<div class=\"e-con-inner\">\n\t\t\t\t<div class=\"elementor-element elementor-element-36cb601 elementor-widget elementor-widget-image\" data-id=\"36cb601\" data-element_type=\"widget\" data-widget_type=\"image.default\">\n\t\t\t\t<div class=\"elementor-widget-container\">\n\t\t\t\t\t\t\t\t\t\t\t\t\t\t\t<img decoding=\"async\" width=\"800\" height=\"534\" src=\"https:\/\/www.ltur.com\/de\/blog\/wp-content\/uploads\/2026\/08\/Blog-Slider-12-1024x683.png\" class=\"attachment-large size-large wp-image-10248\" alt=\"Paar beim Wandern in den Bergen in \u00d6sterreich\" srcset=\"https:\/\/www.ltur.com\/de\/blog\/wp-content\/uploads\/2026\/08\/Blog-Slider-12-1024x683.png 1024w, https:\/\/www.ltur.com\/de\/blog\/wp-content\/uploads\/2026\/08\/Blog-Slider-12-300x200.png 300w, https:\/\/www.ltur.com\/de\/blog\/wp-content\/uploads\/2026\/08\/Blog-Slider-12-768x512.png 768w, https:\/\/www.ltur.com\/de\/blog\/wp-content\/uploads\/2026\/08\/Blog-Slider-12.png 1057w\" sizes=\"(max-width: 800px) 100vw, 800px\" \/>\t\t\t\t\t\t\t\t\t\t\t\t\t\t\t<\/div>\n\t\t\t\t<\/div>\n\t\t\t\t\t<\/div>\n\t\t\t\t<\/div>\n\t\t\t\t<div class=\"elementor-element elementor-element-70060ed elementor-widget elementor-widget-text-editor\" data-id=\"70060ed\" data-element_type=\"widget\" data-widget_type=\"text-editor.default\">\n\t\t\t\t<div class=\"elementor-widget-container\">\n\t\t\t\t\t\t\t\t\t<p>Abenteuer kennt keine Altersgrenze. Einsteiger profitieren von professionellen Schulen und gef\u00fchrten Touren, um sicher in eine neue Sportart hineinzuschnuppern. Junge Leute suchen oft den Adrenalinkick in der Gruppe, w\u00e4hrend Familien durch gemeinsame Aktivit\u00e4ten den Zusammenhalt st\u00e4rken. Auch die Generation 60+ entdeckt zunehmend den Reiz von moderaten Wanderreisen, und Solo-Reisende finden in Aktiv-Camps schnell Anschluss an Gleichgesinnte. Die wichtigste Nachricht vorab: Du brauchst keine jahrelange Vorerfahrung: Neugier und eine gesunde Grundfitness reichen meist v\u00f6llig aus.<\/p><p><strong>\u2022 Beste Zeit:<\/strong> Juni bis September f\u00fcr den Bergsommer; die Wintermonate f\u00fcr alles, was mit Schnee zu tun hat.<br \/><strong>\u2022 Sicherheit:<\/strong> Das Wetter im Gebirge kann innerhalb von Minuten umschlagen! Hab immer die passende Kleidung dabei und im Auge, wo sich die n\u00e4chste Schutzh\u00fctte befindet.<\/p>\t\t\t\t\t\t\t\t<\/div>\n\t\t\t\t<\/div>\n\t\t\t\t<div class=\"elementor-element elementor-element-3ade5ee elementor-widget elementor-widget-heading\" data-id=\"3ade5ee\" data-element_type=\"widget\" data-widget_type=\"heading.default\">\n\t\t\t\t<div class=\"elementor-widget-container\">\n\t\t\t\t\t<h3 class=\"elementor-heading-title elementor-size-default\">Schweiz (Berner Oberland &amp; Graub\u00fcnden) \u2013 Alpinismus auf h\u00f6chstem Niveau<\/h3>\t\t\t\t<\/div>\n\t\t\t\t<\/div>\n\t\t<div class=\"elementor-element elementor-element-6d692b0 e-flex e-con-boxed e-con e-child\" data-id=\"6d692b0\" data-element_type=\"container\">\n\t\t\t\t\t<div class=\"e-con-inner\">\n\t\t\t\t<div class=\"elementor-element elementor-element-06fe7e0 elementor-widget elementor-widget-image\" data-id=\"06fe7e0\" data-element_type=\"widget\" data-widget_type=\"image.default\">\n\t\t\t\t<div class=\"elementor-widget-container\">\n\t\t\t\t\t\t\t\t\t\t\t\t\t\t\t<img loading=\"lazy\" decoding=\"async\" width=\"800\" height=\"534\" src=\"https:\/\/www.ltur.com\/de\/blog\/wp-content\/uploads\/2026\/08\/Blog-Slider-13-1024x683.png\" class=\"attachment-large size-large wp-image-10249\" alt=\"Gleitschirmflieger in den Schweizer Bergen\" srcset=\"https:\/\/www.ltur.com\/de\/blog\/wp-content\/uploads\/2026\/08\/Blog-Slider-13-1024x683.png 1024w, https:\/\/www.ltur.com\/de\/blog\/wp-content\/uploads\/2026\/08\/Blog-Slider-13-300x200.png 300w, https:\/\/www.ltur.com\/de\/blog\/wp-content\/uploads\/2026\/08\/Blog-Slider-13-768x512.png 768w, https:\/\/www.ltur.com\/de\/blog\/wp-content\/uploads\/2026\/08\/Blog-Slider-13.png 1057w\" sizes=\"(max-width: 800px) 100vw, 800px\" \/>\t\t\t\t\t\t\t\t\t\t\t\t\t\t\t<\/div>\n\t\t\t\t<\/div>\n\t\t\t\t\t<\/div>\n\t\t\t\t<\/div>\n\t\t\t\t<div class=\"elementor-element elementor-element-aeb39a2 elementor-widget elementor-widget-text-editor\" data-id=\"aeb39a2\" data-element_type=\"widget\" data-widget_type=\"text-editor.default\">\n\t\t\t\t<div class=\"elementor-widget-container\">\n\t\t\t\t\t\t\t\t\t<p>Spektakul\u00e4re Panoramen mit Ikonen wie Eiger, M\u00f6nch und Jungfrau treffen hier auf eine erstklassige Infrastruktur. In der Schweiz kannst du dich bei hochalpinen Touren auspowern oder beim Gleitschirmfliegen die Welt von oben sehen. Wer es ruhiger mag, nutzt die Themenwanderwege oder probiert Stand-up-Paddling auf dem Thunersee vor einer Traumkulisse.<\/p><p><strong>\u2022 Beste Zeit:<\/strong> Ein Ganzjahresziel \u2013&gt; im Winter f\u00fcr Ski- und Winterwandern, im Sommer f\u00fcr das volle Alpin-Programm.<br \/><strong>\u2022 Hinweis:<\/strong> Achte immer auf die Betriebszeiten der Bergbahnen und Z\u00fcge, damit du nicht ungeplant am Berg \u00fcbernachten musst.<\/p>\t\t\t\t\t\t\t\t<\/div>\n\t\t\t\t<\/div>\n\t\t\t\t<div class=\"elementor-element elementor-element-bc162c9 elementor-widget elementor-widget-heading\" data-id=\"bc162c9\" data-element_type=\"widget\" data-widget_type=\"heading.default\">\n\t\t\t\t<div class=\"elementor-widget-container\">\n\t\t\t\t\t<h3 class=\"elementor-heading-title elementor-size-default\">S\u00fcdtirol (Italien) \u2013 Wo das Mittelmeer auf die Alpen trifft<\/h3>\t\t\t\t<\/div>\n\t\t\t\t<\/div>\n\t\t<div class=\"elementor-element elementor-element-81ee5b6 e-flex e-con-boxed e-con e-child\" data-id=\"81ee5b6\" data-element_type=\"container\">\n\t\t\t\t\t<div class=\"e-con-inner\">\n\t\t\t\t<div class=\"elementor-element elementor-element-65b4c8d elementor-widget elementor-widget-image\" data-id=\"65b4c8d\" data-element_type=\"widget\" data-widget_type=\"image.default\">\n\t\t\t\t<div class=\"elementor-widget-container\">\n\t\t\t\t\t\t\t\t\t\t\t\t\t\t\t<img loading=\"lazy\" decoding=\"async\" width=\"800\" height=\"534\" src=\"https:\/\/www.ltur.com\/de\/blog\/wp-content\/uploads\/2026\/08\/Blog-Slider-14-1024x683.png\" class=\"attachment-large size-large wp-image-10250\" alt=\"\" srcset=\"https:\/\/www.ltur.com\/de\/blog\/wp-content\/uploads\/2026\/08\/Blog-Slider-14-1024x683.png 1024w, https:\/\/www.ltur.com\/de\/blog\/wp-content\/uploads\/2026\/08\/Blog-Slider-14-300x200.png 300w, https:\/\/www.ltur.com\/de\/blog\/wp-content\/uploads\/2026\/08\/Blog-Slider-14-768x512.png 768w, https:\/\/www.ltur.com\/de\/blog\/wp-content\/uploads\/2026\/08\/Blog-Slider-14.png 1057w\" sizes=\"(max-width: 800px) 100vw, 800px\" \/>\t\t\t\t\t\t\t\t\t\t\t\t\t\t\t<\/div>\n\t\t\t\t<\/div>\n\t\t\t\t\t<\/div>\n\t\t\t\t<\/div>\n\t\t\t\t<div class=\"elementor-element elementor-element-b71f083 elementor-widget elementor-widget-text-editor\" data-id=\"b71f083\" data-element_type=\"widget\" data-widget_type=\"text-editor.default\">\n\t\t\t\t<div class=\"elementor-widget-container\">\n\t\t\t\t\t\t\t\t\t<p>In S\u00fcdtirol verschmilzt mediterranes Flair mit den schroffen Gipfeln der Dolomiten. Es ist das perfekte Ziel f\u00fcr \u201eGenuss-Abenteurer\u201c. Du kannst entspannt durch das Vinschgau radeln oder dich an den Drei Zinnen beim Klettern versuchen.<\/p><p><strong>\u2022 Beste Zeit:<\/strong> Vom sp\u00e4ten Fr\u00fchjahr bis in den goldenen Oktober hinein.<br \/><strong>\u2022 Mobilit\u00e4ts-Tipp:<\/strong> Viele der besten Wander-Startpunkte erreichst du bequem ohne Auto mit den lokalen Bergbahnen und Wanderbussen.<\/p>\t\t\t\t\t\t\t\t<\/div>\n\t\t\t\t<\/div>\n\t\t\t\t<div class=\"elementor-element elementor-element-b56057e elementor-widget elementor-widget-heading\" data-id=\"b56057e\" data-element_type=\"widget\" data-widget_type=\"heading.default\">\n\t\t\t\t<div class=\"elementor-widget-container\">\n\t\t\t\t\t<h3 class=\"elementor-heading-title elementor-size-default\">Mallorca (Spanien) \u2013 Mehr als nur Strand<\/h3>\t\t\t\t<\/div>\n\t\t\t\t<\/div>\n\t\t\t\t<div class=\"elementor-element elementor-element-191cb9b elementor-widget elementor-widget-image\" data-id=\"191cb9b\" data-element_type=\"widget\" data-widget_type=\"image.default\">\n\t\t\t\t<div class=\"elementor-widget-container\">\n\t\t\t\t\t\t\t\t\t\t\t\t\t\t\t<img loading=\"lazy\" decoding=\"async\" width=\"800\" height=\"534\" src=\"https:\/\/www.ltur.com\/de\/blog\/wp-content\/uploads\/2026\/08\/Blog-Slider-15-1024x683.png\" class=\"attachment-large size-large wp-image-10251\" alt=\"2 Fahrradfahrer an der K\u00fcste von Mallorca\" srcset=\"https:\/\/www.ltur.com\/de\/blog\/wp-content\/uploads\/2026\/08\/Blog-Slider-15-1024x683.png 1024w, https:\/\/www.ltur.com\/de\/blog\/wp-content\/uploads\/2026\/08\/Blog-Slider-15-300x200.png 300w, https:\/\/www.ltur.com\/de\/blog\/wp-content\/uploads\/2026\/08\/Blog-Slider-15-768x512.png 768w, https:\/\/www.ltur.com\/de\/blog\/wp-content\/uploads\/2026\/08\/Blog-Slider-15.png 1057w\" sizes=\"(max-width: 800px) 100vw, 800px\" \/>\t\t\t\t\t\t\t\t\t\t\t\t\t\t\t<\/div>\n\t\t\t\t<\/div>\n\t\t\t\t<div class=\"elementor-element elementor-element-dbd6a62 elementor-widget elementor-widget-text-editor\" data-id=\"dbd6a62\" data-element_type=\"widget\" data-widget_type=\"text-editor.default\">\n\t\t\t\t<div class=\"elementor-widget-container\">\n\t\t\t\t\t\t\t\t\t<p>Mallorca \u00fcberrascht jenseits der Touristenzentren mit dem Tramuntana-Gebirge. Die Insel bietet kurze Wege und eine riesige Vielfalt. Ob Fernwandern auf dem GR221, Rennradfahren auf Weltklasse-Niveau oder Coasteering (Klettern und Springen an und von der Steilk\u00fcste) \u2013 hier kommt jeder auf seine Kosten.<\/p><p><strong>\u2022 Beste Zeit:<\/strong> Februar (Mandelbl\u00fcte) bis Mai und der milde Herbst.<br \/><strong>\u2022 Gut zu wissen:<\/strong> Viele K\u00fcstenpfade sind auch f\u00fcr Einsteiger und Genie\u00dfer leicht machbar und bieten traumhafte Ausblicke.<\/p>\t\t\t\t\t\t\t\t<\/div>\n\t\t\t\t<\/div>\n\t\t\t\t<div class=\"elementor-element elementor-element-5f603bc elementor-widget elementor-widget-heading\" data-id=\"5f603bc\" data-element_type=\"widget\" data-widget_type=\"heading.default\">\n\t\t\t\t<div class=\"elementor-widget-container\">\n\t\t\t\t\t<h3 class=\"elementor-heading-title elementor-size-default\">Madeira (Portugal) \u2013 Die Insel des ewigen Fr\u00fchlings<\/h3>\t\t\t\t<\/div>\n\t\t\t\t<\/div>\n\t\t\t\t<div class=\"elementor-element elementor-element-285e366 elementor-widget elementor-widget-image\" data-id=\"285e366\" data-element_type=\"widget\" data-widget_type=\"image.default\">\n\t\t\t\t<div class=\"elementor-widget-container\">\n\t\t\t\t\t\t\t\t\t\t\t\t\t\t\t<img loading=\"lazy\" decoding=\"async\" width=\"800\" height=\"534\" src=\"https:\/\/www.ltur.com\/de\/blog\/wp-content\/uploads\/2026\/08\/Blog-Slider-16-1024x683.png\" class=\"attachment-large size-large wp-image-10255\" alt=\"Wanderweg auf Madeira \u00fcber den Wolken\" srcset=\"https:\/\/www.ltur.com\/de\/blog\/wp-content\/uploads\/2026\/08\/Blog-Slider-16-1024x683.png 1024w, https:\/\/www.ltur.com\/de\/blog\/wp-content\/uploads\/2026\/08\/Blog-Slider-16-300x200.png 300w, https:\/\/www.ltur.com\/de\/blog\/wp-content\/uploads\/2026\/08\/Blog-Slider-16-768x512.png 768w, https:\/\/www.ltur.com\/de\/blog\/wp-content\/uploads\/2026\/08\/Blog-Slider-16.png 1057w\" sizes=\"(max-width: 800px) 100vw, 800px\" \/>\t\t\t\t\t\t\t\t\t\t\t\t\t\t\t<\/div>\n\t\t\t\t<\/div>\n\t\t\t\t<div class=\"elementor-element elementor-element-31bfccd elementor-widget elementor-widget-text-editor\" data-id=\"31bfccd\" data-element_type=\"widget\" data-widget_type=\"text-editor.default\">\n\t\t\t\t<div class=\"elementor-widget-container\">\n\t\t\t\t\t\t\t\t\t<p>Madeira ist ein Paradies aus dichten Lorbeerw\u00e4ldern und steilen Klippen. Die Insel ist weltber\u00fchmt f\u00fcr ihre Levadas \u2013 historische Wasserl\u00e4ufe, an denen man fantastisch wandern kann. Aber auch Trailrunning, Canyoning und Whale Watching stehen hoch im Kurs.<\/p><p><strong>\u2022 Beste Zeit:<\/strong> Dank des milden Klimas ganzj\u00e4hrig bereisbar; im Fr\u00fchjahr ist die Bl\u00fctenpracht am spektakul\u00e4rsten.<\/p>\t\t\t\t\t\t\t\t<\/div>\n\t\t\t\t<\/div>\n\t\t\t\t<\/div>\n\t\t<div class=\"elementor-element elementor-element-faf9b5e e-con-full e-flex e-con e-parent\" data-id=\"faf9b5e\" data-element_type=\"container\">\n\t\t\t\t<div class=\"elementor-element elementor-element-60e8734 elementor-widget elementor-widget-heading\" data-id=\"60e8734\" data-element_type=\"widget\" data-widget_type=\"heading.default\">\n\t\t\t\t<div class=\"elementor-widget-container\">\n\t\t\t\t\t<h2 class=\"elementor-heading-title elementor-size-default\">Das gro\u00dfe Saison-Raster: Wann wohin f\u00fcr dein Abenteuer?<\/h2>\t\t\t\t<\/div>\n\t\t\t\t<\/div>\n\t\t\t\t<div class=\"elementor-element elementor-element-719edb8 elementor-widget elementor-widget-text-editor\" data-id=\"719edb8\" data-element_type=\"widget\" data-widget_type=\"text-editor.default\">\n\t\t\t\t<div class=\"elementor-widget-container\">\n\t\t\t\t\t\t\t\t\t<p>Damit du nicht im wahrsten Sinne des Wortes im Regen stehst oder in der Sommerhitze kollabierst, hilft dir unser Saison-Raster bei der perfekten Planung f\u00fcr deinen Aktivurlaub.<\/p>\t\t\t\t\t\t\t\t<\/div>\n\t\t\t\t<\/div>\n\t\t\t\t<div class=\"elementor-element elementor-element-ee60857 elementor-widget elementor-widget-heading\" data-id=\"ee60857\" data-element_type=\"widget\" data-widget_type=\"heading.default\">\n\t\t\t\t<div class=\"elementor-widget-container\">\n\t\t\t\t\t<h3 class=\"elementor-heading-title elementor-size-default\">1. Quartal (Januar \u2013 M\u00e4rz): Winterzauber &amp; Ewiger Fr\u00fchling<\/h3>\t\t\t\t<\/div>\n\t\t\t\t<\/div>\n\t\t\t\t<div class=\"elementor-element elementor-element-5ceeacb elementor-widget elementor-widget-text-editor\" data-id=\"5ceeacb\" data-element_type=\"widget\" data-widget_type=\"text-editor.default\">\n\t\t\t\t<div class=\"elementor-widget-container\">\n\t\t\t\t\t\t\t\t\t<p><strong>\u2022 Schweiz &amp; \u00d6sterreich:<\/strong> Hochsaison f\u00fcr Ski, Snowboard, Winterwandern und Schneeschuhtouren in den Alpen.<br \/><strong>\u2022 Madeira:<\/strong> Perfekt f\u00fcr mildes Trailrunning und Wandern entlang der Levadas, um dem Winter im Heimatland zu <strong>entfliehen.<\/strong><br \/><strong>\u2022 Mallorca:<\/strong> Ab Februar ideal f\u00fcr Rennradfahrer (Vorbereitungssaison) und entspanntes Wandern w\u00e4hrend der ber\u00fchmten Mandelbl\u00fcte.<\/p>\t\t\t\t\t\t\t\t<\/div>\n\t\t\t\t<\/div>\n\t\t\t\t<div class=\"elementor-element elementor-element-4602b0d elementor-widget elementor-widget-heading\" data-id=\"4602b0d\" data-element_type=\"widget\" data-widget_type=\"heading.default\">\n\t\t\t\t<div class=\"elementor-widget-container\">\n\t\t\t\t\t<h3 class=\"elementor-heading-title elementor-size-default\">2. Quartal (April \u2013 Juni): Die perfekte Outdoor-Vielseitigkeit<\/h3>\t\t\t\t<\/div>\n\t\t\t\t<\/div>\n\t\t\t\t<div class=\"elementor-element elementor-element-ad9a31a elementor-widget elementor-widget-text-editor\" data-id=\"ad9a31a\" data-element_type=\"widget\" data-widget_type=\"text-editor.default\">\n\t\t\t\t<div class=\"elementor-widget-container\">\n\t\t\t\t\t\t\t\t\t<p><strong>\u2022 S\u00fcdtirol &amp; Mallorca:<\/strong> Beste Zeit f\u00fcr Genuss-Wandern, Klettern und Mountainbiken bei angenehmen, noch nicht zu hei\u00dfen Temperaturen.<br \/><strong>\u2022 Algarve:<\/strong> Ideal f\u00fcr Wanderungen auf der K\u00fcstenroute \u201eRota Vicentina\u201c; die ersten Wellenreiter starten in die Saison.<br \/><strong>\u2022 \u00d6sterreich &amp; Schweiz:<\/strong> Ab Juni \u00f6ffnen die meisten Bergh\u00fctten und Klettersteige, der Bergsommer und das Canyoning starten.<\/p>\t\t\t\t\t\t\t\t<\/div>\n\t\t\t\t<\/div>\n\t\t\t\t<div class=\"elementor-element elementor-element-af73efb elementor-widget elementor-widget-heading\" data-id=\"af73efb\" data-element_type=\"widget\" data-widget_type=\"heading.default\">\n\t\t\t\t<div class=\"elementor-widget-container\">\n\t\t\t\t\t<h3 class=\"elementor-heading-title elementor-size-default\">3. Quartal (Juli \u2013 September): Berggl\u00fcck &amp; Wassersport-Hochsaison<\/h3>\t\t\t\t<\/div>\n\t\t\t\t<\/div>\n\t\t\t\t<div class=\"elementor-element elementor-element-9b10d6f elementor-widget elementor-widget-text-editor\" data-id=\"9b10d6f\" data-element_type=\"widget\" data-widget_type=\"text-editor.default\">\n\t\t\t\t<div class=\"elementor-widget-container\">\n\t\t\t\t\t\t\t\t\t<p><strong>\u2022 \u00d6sterreich &amp; Schweiz:<\/strong> Absolute Top-Zeit f\u00fcr hochalpine Trekkingtouren, Gipfelst\u00fcrme, Gleitschirmfliegen und Mountainbiking.<br \/><strong>\u2022 Algarve:<\/strong> Hochsaison f\u00fcr Wassersportler. Perfekte Bedingungen zum Surfen, Kiten, Kajakfahren und Stand-up-Paddling.<br \/><strong>\u2022 Griechenland &amp; T\u00fcrkei:<\/strong> Ideales Pflaster f\u00fcr die \u201eAktiv-Familie\u201c beim Schnorcheln und SUP in den gesch\u00fctzten Buchten (Tipp: Fr\u00fchmorgens starten!).<\/p>\t\t\t\t\t\t\t\t<\/div>\n\t\t\t\t<\/div>\n\t\t\t\t<div class=\"elementor-element elementor-element-7ae0f53 elementor-widget elementor-widget-heading\" data-id=\"7ae0f53\" data-element_type=\"widget\" data-widget_type=\"heading.default\">\n\t\t\t\t<div class=\"elementor-widget-container\">\n\t\t\t\t\t<h3 class=\"elementor-heading-title elementor-size-default\">4. Quartal (Oktober \u2013 Dezember): Goldener Herbst &amp; Winterflucht<\/h3>\t\t\t\t<\/div>\n\t\t\t\t<\/div>\n\t\t\t\t<div class=\"elementor-element elementor-element-1dfe2e8 elementor-widget elementor-widget-text-editor\" data-id=\"1dfe2e8\" data-element_type=\"widget\" data-widget_type=\"text-editor.default\">\n\t\t\t\t<div class=\"elementor-widget-container\">\n\t\t\t\t\t\t\t\t\t<p><strong>\u2022 S\u00fcdtirol:<\/strong> T\u00f6rggelen und Wandern im \u201eGoldenen Oktober\u201c bei klarer Fernsicht in den Dolomiten.<br \/><strong>\u2022 Madeira &amp; Algarve:<\/strong> Angenehmes Klima im Sp\u00e4therbst f\u00fcr Whale Watching, Canyoning und intensive Trekkingtouren ohne Sommerhitze.<br \/><strong>\u2022 Schweiz &amp; \u00d6sterreich:<\/strong> Ab Dezember startet in den Gletscherskigebieten und h\u00f6heren Lagen wieder die Wintersportsaison.<\/p>\t\t\t\t\t\t\t\t<\/div>\n\t\t\t\t<\/div>\n\t\t\t\t<\/div>\n\t\t<div class=\"elementor-element elementor-element-847ec1c e-con-full e-flex e-con e-parent\" data-id=\"847ec1c\" data-element_type=\"container\">\n\t\t\t\t<div class=\"elementor-element elementor-element-24f6e3f elementor-widget elementor-widget-heading\" data-id=\"24f6e3f\" data-element_type=\"widget\" data-widget_type=\"heading.default\">\n\t\t\t\t<div class=\"elementor-widget-container\">\n\t\t\t\t\t<h2 class=\"elementor-heading-title elementor-size-default\">Finde das Abenteuer, das zu dir passt<\/h2>\t\t\t\t<\/div>\n\t\t\t\t<\/div>\n\t\t\t\t<div class=\"elementor-element elementor-element-8164c7f elementor-widget elementor-widget-text-editor\" data-id=\"8164c7f\" data-element_type=\"widget\" data-widget_type=\"text-editor.default\">\n\t\t\t\t<div class=\"elementor-widget-container\">\n\t\t\t\t\t\t\t\t\t<p>Du wei\u00dft noch nicht, wohin dein n\u00e4chster Aktivurlaub gehen soll? Wir haben f\u00fcr dich verschiedene Szenarien entwickelt, die dir in 60 Sekunden die passende Idee liefern, ohne Preise, nur nach Vibe und Aktivit\u00e4t.<\/p><p>\u2022 Der <strong>&#8222;Beach-Explorer&#8220;<\/strong> (Einsteiger, Meer, 7 Tage): Ziele wie die Algarve oder Mallorca bieten dir perfekte Kurse f\u00fcr Surf-Anf\u00e4nger oder entspanntes Kajakfahren in H\u00f6hlen.<br \/>\u2022 Die <strong>&#8222;Aktiv-Familie&#8220;<\/strong> (Sommer, moderat): In Griechenland oder der T\u00fcrkei findest du kinderfreundliche Buchten f\u00fcr SUP und kurzes Schnorcheln. Wichtig: Nutze die fr\u00fchen Morgenstunden und meide die Mittagshitze.<br \/>\u2022 Der <strong>&#8222;Ganzjahres-Wanderer&#8220;<\/strong> (Mix aus Wald &amp; K\u00fcste): Madeira ist dein Ziel. Hier kannst du Trekking und Canyoning perfekt kombinieren, musst aber immer mit schnellen Wetterwechseln rechnen.<br \/>\u2022 Der <strong>&#8222;Adrenalin-Profi&#8220;<\/strong> (Fortgeschritten, 10-14 Tage): Die Tramuntana auf Mallorca oder die steilen Pfade Madeiras fordern dich mit vielen H\u00f6henmetern und technischem Terrain heraus.<\/p>\t\t\t\t\t\t\t\t<\/div>\n\t\t\t\t<\/div>\n\t\t\t\t<\/div>\n\t\t<div class=\"elementor-element elementor-element-1669d14 e-con-full e-flex e-con e-parent\" data-id=\"1669d14\" data-element_type=\"container\">\n\t\t\t\t<div class=\"elementor-element elementor-element-eff42ef elementor-widget elementor-widget-heading\" data-id=\"eff42ef\" data-element_type=\"widget\" data-widget_type=\"heading.default\">\n\t\t\t\t<div class=\"elementor-widget-container\">\n\t\t\t\t\t<h2 class=\"elementor-heading-title elementor-size-default\">Abenteuer mit Kindern \u2013 entspannt &amp; sicher unterwegs<\/h2>\t\t\t\t<\/div>\n\t\t\t\t<\/div>\n\t\t\t\t<div class=\"elementor-element elementor-element-7365374 elementor-widget elementor-widget-text-editor\" data-id=\"7365374\" data-element_type=\"widget\" data-widget_type=\"text-editor.default\">\n\t\t\t\t<div class=\"elementor-widget-container\">\n\t\t\t\t\t\t\t\t\t<p>Reisen mit Kindern erfordert eine andere Taktik. W\u00e4hrend Grundschulkinder spielerische Entdeckertouren lieben, brauchen Teenager echte Herausforderungen wie Kletterkurse oder Mountainbiking.<\/p><p><strong>\u2022 Faustregel:<\/strong> Plane Etappen deutlich k\u00fcrzer als f\u00fcr Erwachsene und achte penibel auf Sonnenschutz und Wasserregeln.<br \/><strong>\u2022 Ausr\u00fcstung:<\/strong> Ein eigenes Trinksystem (Trinkblase) im Rucksack motiviert Kinder oft mehr zum Wandern als jede herk\u00f6mmliche Flasche.<\/p>\t\t\t\t\t\t\t\t<\/div>\n\t\t\t\t<\/div>\n\t\t\t\t<\/div>\n\t\t<div class=\"elementor-element elementor-element-e068980 e-con-full e-flex e-con e-parent\" data-id=\"e068980\" data-element_type=\"container\">\n\t\t\t\t<div class=\"elementor-element elementor-element-efb6b68 elementor-widget elementor-widget-heading\" data-id=\"efb6b68\" data-element_type=\"widget\" data-widget_type=\"heading.default\">\n\t\t\t\t<div class=\"elementor-widget-container\">\n\t\t\t\t\t<h2 class=\"elementor-heading-title elementor-size-default\">Die 5 h\u00e4ufigsten Fehler bei der Aktivurlaub-Planung (und wie du sie vermeidest)<\/h2>\t\t\t\t<\/div>\n\t\t\t\t<\/div>\n\t\t\t\t<div class=\"elementor-element elementor-element-0df27b1 elementor-widget elementor-widget-text-editor\" data-id=\"0df27b1\" data-element_type=\"widget\" data-widget_type=\"text-editor.default\">\n\t\t\t\t<div class=\"elementor-widget-container\">\n\t\t\t\t\t\t\t\t\t<p>Damit dein Abenteuer nicht im Desaster endet, solltest du diese typischen Urlaubs-Fettn\u00e4pfchen unbedingt vermeiden:<\/p><p><strong>Fehler 1: Selbst\u00fcbersch\u00e4tzung bei den H\u00f6henmetern<\/strong><\/p><ul><li>Die Folge: Totale Ersch\u00f6pfung am ersten Tag und Muskelkater f\u00fcr den Rest des Urlaubs. Im schlimmsten Fall sitzt du am Berg fest und die Bergrettung muss kommen. Das kann teuer werden.<\/li><li>Die L\u00f6sung: Starte am ersten Tag immer mit einer kurzen, moderaten \u201eEingehtour\u201c zum Akklimatisieren.<\/li><\/ul><p>\u00a0<\/p><p><strong>Fehler 2: Den \u201eK\u00fchlhaus-Effekt\u201c am Berg untersch\u00e4tzen<\/strong><\/p><ul><li>Die Folge: Im Tal ist es Sommer, auf 2.000 Metern pfeift ein eisiger Wind \u2013&gt; Unterk\u00fchlung droht.<\/li><li>Die L\u00f6sung: Packe immer eine wind- und wasserdichte Schicht (Zwiebelprinzip) ein, egal wie warm es unten ist.<\/li><\/ul><p>\u00a0<\/p><p><strong>Fehler 3: Zu sp\u00e4t am Tag aufbrechen<\/strong><\/p><ul><li>Die Folge: Im Sommer ger\u00e4tst du in die gef\u00e4hrliche Mittagshitze, am Nachmittag in schwere W\u00e4rmegewitter oder bei l\u00e4ngeren Touren in die Nacht.<\/li><li>Die L\u00f6sung: Nutze das \u201eEarly-Bird-Prinzip\u201c. Starte im Sommer fr\u00fch morgens, um mittags bereits im Ziel zu sein.<\/li><\/ul><p>\u00a0<\/p><p><strong>Fehler 4: Die letzte Talfahrt der Bergbahn verpassen<\/strong><\/p><ul><li>Die Folge: Ein unfreiwilliger, stundenlanger und gef\u00e4hrlicher Abstieg im schwindenden Tageslicht.<\/li><li>Die L\u00f6sung: Checke vor dem Abmarsch die exakte Uhrzeit der letzten Fahrt und stelle dir einen Wecker als Puffer.<\/li><\/ul><p>\u00a0<\/p><p><strong>Fehler 5: Keine sportartspezifische Versicherung haben<\/strong><\/p><ul><li>Die Folge: Im Ernstfall (z. B. Hubschrauber-Bergung) bleibst du auf Kosten im f\u00fcnfstelligen Bereich sitzen.<\/li><li>Die L\u00f6sung: Pr\u00fcfe vorab, ob deine Auslandskrankenversicherung Rettungs- und Bergungskosten explizit abdeckt.<\/li><\/ul>\t\t\t\t\t\t\t\t<\/div>\n\t\t\t\t<\/div>\n\t\t\t\t<\/div>\n\t\t<div class=\"elementor-element elementor-element-5dbc7f8 e-con-full e-flex e-con e-parent\" data-id=\"5dbc7f8\" data-element_type=\"container\">\n\t\t\t\t<div class=\"elementor-element elementor-element-8c2b142 elementor-widget elementor-widget-heading\" data-id=\"8c2b142\" data-element_type=\"widget\" data-widget_type=\"heading.default\">\n\t\t\t\t<div class=\"elementor-widget-container\">\n\t\t\t\t\t<h2 class=\"elementor-heading-title elementor-size-default\">Planung in 10 Schritten<\/h2>\t\t\t\t<\/div>\n\t\t\t\t<\/div>\n\t\t<div class=\"elementor-element elementor-element-c8cd1bc e-flex e-con-boxed e-con e-child\" data-id=\"c8cd1bc\" data-element_type=\"container\">\n\t\t\t\t\t<div class=\"e-con-inner\">\n\t\t\t\t<div class=\"elementor-element elementor-element-771b322 elementor-widget elementor-widget-image\" data-id=\"771b322\" data-element_type=\"widget\" data-widget_type=\"image.default\">\n\t\t\t\t<div class=\"elementor-widget-container\">\n\t\t\t\t\t\t\t\t\t\t\t\t\t\t\t<img loading=\"lazy\" decoding=\"async\" width=\"461\" height=\"1024\" src=\"https:\/\/www.ltur.com\/de\/blog\/wp-content\/uploads\/2026\/08\/Offpage-ltur-Infografik-Solo-Travel-461x1024.png\" class=\"attachment-large size-large wp-image-10240\" alt=\"\" srcset=\"https:\/\/www.ltur.com\/de\/blog\/wp-content\/uploads\/2026\/08\/Offpage-ltur-Infografik-Solo-Travel-461x1024.png 461w, https:\/\/www.ltur.com\/de\/blog\/wp-content\/uploads\/2026\/08\/Offpage-ltur-Infografik-Solo-Travel-135x300.png 135w, https:\/\/www.ltur.com\/de\/blog\/wp-content\/uploads\/2026\/08\/Offpage-ltur-Infografik-Solo-Travel-768x1707.png 768w, https:\/\/www.ltur.com\/de\/blog\/wp-content\/uploads\/2026\/08\/Offpage-ltur-Infografik-Solo-Travel-691x1536.png 691w, https:\/\/www.ltur.com\/de\/blog\/wp-content\/uploads\/2026\/08\/Offpage-ltur-Infografik-Solo-Travel-922x2048.png 922w, https:\/\/www.ltur.com\/de\/blog\/wp-content\/uploads\/2026\/08\/Offpage-ltur-Infografik-Solo-Travel.png 1080w\" sizes=\"(max-width: 461px) 100vw, 461px\" \/>\t\t\t\t\t\t\t\t\t\t\t\t\t\t\t<\/div>\n\t\t\t\t<\/div>\n\t\t\t\t\t<\/div>\n\t\t\t\t<\/div>\n\t\t\t\t<\/div>\n\t\t<div class=\"elementor-element elementor-element-d06f293 e-con-full e-flex e-con e-parent\" data-id=\"d06f293\" data-element_type=\"container\">\n\t\t\t\t<div class=\"elementor-element elementor-element-723db4d elementor-widget elementor-widget-heading\" data-id=\"723db4d\" data-element_type=\"widget\" data-widget_type=\"heading.default\">\n\t\t\t\t<div class=\"elementor-widget-container\">\n\t\t\t\t\t<h2 class=\"elementor-heading-title elementor-size-default\">Sicherheit, Gesundheit &amp; Verantwortung<\/h2>\t\t\t\t<\/div>\n\t\t\t\t<\/div>\n\t\t\t\t<div class=\"elementor-element elementor-element-f81591b elementor-widget elementor-widget-text-editor\" data-id=\"f81591b\" data-element_type=\"widget\" data-widget_type=\"text-editor.default\">\n\t\t\t\t<div class=\"elementor-widget-container\">\n\t\t\t\t\t\t\t\t\tEin unvergesslicher Aktivurlaub basiert auf drei S\u00e4ulen: der richtigen Selbsteinsch\u00e4tzung, dem Schutz des eigenen K\u00f6rpers und dem respektvollen Umgang mit der Natur. Abenteuer macht nur dann Spa\u00df, wenn alle Beteiligten abends wieder gesund im Lager ankommen.\t\t\t\t\t\t\t\t<\/div>\n\t\t\t\t<\/div>\n\t\t\t\t<div class=\"elementor-element elementor-element-66f7753 elementor-widget elementor-widget-heading\" data-id=\"66f7753\" data-element_type=\"widget\" data-widget_type=\"heading.default\">\n\t\t\t\t<div class=\"elementor-widget-container\">\n\t\t\t\t\t<h3 class=\"elementor-heading-title elementor-size-default\">Sicherheit geht vor: Regeln f\u00fcr Berg und Wasser<\/h3>\t\t\t\t<\/div>\n\t\t\t\t<\/div>\n\t\t\t\t<div class=\"elementor-element elementor-element-d4722bf elementor-widget elementor-widget-text-editor\" data-id=\"d4722bf\" data-element_type=\"widget\" data-widget_type=\"text-editor.default\">\n\t\t\t\t<div class=\"elementor-widget-container\">\n\t\t\t\t\t\t\t\t\t<p><strong>\u2022 Das \u201eBuddy-Prinzip\u201c im Wasser:<\/strong> Gehe niemals allein zum Surfen, Kiten, Tauchen oder Kajakfahren auf das offene Wasser. Ein Partner an deiner Seite kann im Falle von Kr\u00e4mpfen, Str\u00f6mungen oder Materialsch\u00e4den sofort Hilfe leisten oder herbeirufen.<br \/><strong>\u2022 Die Risiko-Ampel am Berg:<\/strong> Informiere dich vor jedem Aufstieg \u00fcber die aktuellen Warnstufen (Lawinengefahr, Unwetterwarnungen, Steinschlagrisiko). Steht die Ampel auf Gelb oder Rot, wird die Tour ohne Diskussion verschoben oder eine leichtere Alternativroute gew\u00e4hlt.<br \/><strong>\u2022 Der obligatorische Wetter-Check:<\/strong> Das Wetter in den Bergen und an Steilk\u00fcsten schl\u00e4gt oft rasant um. Nutze lokale Wetter-Apps und frage Einheimische oder H\u00fcttenwirte nach ihrer Einsch\u00e4tzung, bevor du startest.<\/p>\t\t\t\t\t\t\t\t<\/div>\n\t\t\t\t<\/div>\n\t\t\t\t<div class=\"elementor-element elementor-element-0917880 elementor-widget elementor-widget-heading\" data-id=\"0917880\" data-element_type=\"widget\" data-widget_type=\"heading.default\">\n\t\t\t\t<div class=\"elementor-widget-container\">\n\t\t\t\t\t<h3 class=\"elementor-heading-title elementor-size-default\">Gesundheit: Sch\u00fctze deinen K\u00f6rper<\/h3>\t\t\t\t<\/div>\n\t\t\t\t<\/div>\n\t\t\t\t<div class=\"elementor-element elementor-element-97ae432 elementor-widget elementor-widget-text-editor\" data-id=\"97ae432\" data-element_type=\"widget\" data-widget_type=\"text-editor.default\">\n\t\t\t\t<div class=\"elementor-widget-container\">\n\t\t\t\t\t\t\t\t\t<p><strong>\u2022 Dehydrierung und Ersch\u00f6pfung vorbeugen:<\/strong> Bei hoher k\u00f6rperlicher Anstrengung verlierst du unbemerkt viel Fl\u00fcssigkeit. Trinke regelm\u00e4\u00dfig, noch bevor der Durst einsetzt, und packe immer energiereiche Snacks wie N\u00fcsse oder Riegel ein.<br \/><strong>\u2022 Sonnenschutz ist Hauptsache:<\/strong> Wasser und Schnee reflektieren die UV-Strahlung extrem. Ein hoher Lichtschutzfaktor (LSF 50+), eine polarisierende Sonnenbrille und eine Kopfbedeckung geh\u00f6ren fest zur Grundausstattung.<\/p>\t\t\t\t\t\t\t\t<\/div>\n\t\t\t\t<\/div>\n\t\t\t\t<div class=\"elementor-element elementor-element-188cdc3 elementor-widget elementor-widget-heading\" data-id=\"188cdc3\" data-element_type=\"widget\" data-widget_type=\"heading.default\">\n\t\t\t\t<div class=\"elementor-widget-container\">\n\t\t\t\t\t<h3 class=\"elementor-heading-title elementor-size-default\">Verantwortung: Nachhaltiger Tourismus in der Praxis<\/h3>\t\t\t\t<\/div>\n\t\t\t\t<\/div>\n\t\t\t\t<div class=\"elementor-element elementor-element-51a9ab1 elementor-widget elementor-widget-text-editor\" data-id=\"51a9ab1\" data-element_type=\"widget\" data-widget_type=\"text-editor.default\">\n\t\t\t\t<div class=\"elementor-widget-container\">\n\t\t\t\t\t\t\t\t\t<p><strong>\u2022 Das \u201eLeave-No-Trace\u201c-Prinzip:<\/strong> Hinterlasse nichts au\u00dfer deinen Fu\u00dfabdr\u00fccken. Nimm jeglichen M\u00fcll auch organische Reste wie Bananenschalen, die in den Bergen oft Jahre zum Verrotte brauchen, wieder mit ins Tal.<br \/><strong>\u2022 Respektiere die Tierwelt:<\/strong> Bleibe konsequent auf den markierten Wegen. Abseits der Pfade zerst\u00f6rst du sensible Vegetation und treibst Wildtiere auf die Flucht, was f\u00fcr sie besonders im Winter oder w\u00e4hrend der Brutzeit lebensgef\u00e4hrlich sein kann.<br \/><strong>\u2022 Unterst\u00fctze die lokale Wirtschaft:<\/strong> Buche f\u00fcr anspruchsvolle Touren lokale Guides. Sie kennen die sichersten Routen, teilen wertvolles Insiderwissen und sorgen daf\u00fcr, dass die Wertsch\u00f6pfung direkt den Menschen vor Ort zugutekommt.<\/p>\t\t\t\t\t\t\t\t<\/div>\n\t\t\t\t<\/div>\n\t\t\t\t<\/div>\n\t\t<div class=\"elementor-element elementor-element-4064178 e-con-full e-flex e-con e-parent\" data-id=\"4064178\" data-element_type=\"container\">\n\t\t\t\t<div class=\"elementor-element elementor-element-2422b23 elementor-widget elementor-widget-heading\" data-id=\"2422b23\" data-element_type=\"widget\" data-widget_type=\"heading.default\">\n\t\t\t\t<div class=\"elementor-widget-container\">\n\t\t\t\t\t<h2 class=\"elementor-heading-title elementor-size-default\">Ausr\u00fcstung &amp; Packliste<\/h2>\t\t\t\t<\/div>\n\t\t\t\t<\/div>\n\t\t\t\t<div class=\"elementor-element elementor-element-5a6d490 elementor-widget elementor-widget-text-editor\" data-id=\"5a6d490\" data-element_type=\"widget\" data-widget_type=\"text-editor.default\">\n\t\t\t\t<div class=\"elementor-widget-container\">\n\t\t\t\t\t\t\t\t\t<p>Die richtige Ausr\u00fcstung entscheidet \u00fcber Spa\u00df oder Blasen an den F\u00fc\u00dfen.<\/p><p><strong>\u2022 Basis:<\/strong> Funktionelle Kleidung, eingelaufene Schuhe, Sonnenschutz und ein Erste-Hilfe-Set.<br \/><strong>\u2022 Tipp:<\/strong> Sperrige Dinge wie Surfboards oder Kletterausr\u00fcstung kannst du fast \u00fcberall in hoher Qualit\u00e4t leihen. Das spart Schlepperei und Geld. Deine eigenen Wanderschuhe solltest du jedoch immer im Gep\u00e4ck haben. Sie sind unersetzlich!<\/p><p>Hier ist deine erg\u00e4nzende, \u00fcbersichtliche Packliste f\u00fcr deinen Aktivurlaub. Du kannst sie dir direkt kopieren oder als Basis f\u00fcr deine Reisevorbereitung nutzen.<\/p>\t\t\t\t\t\t\t\t<\/div>\n\t\t\t\t<\/div>\n\t\t\t\t<div class=\"elementor-element elementor-element-9e28313 elementor-widget elementor-widget-heading\" data-id=\"9e28313\" data-element_type=\"widget\" data-widget_type=\"heading.default\">\n\t\t\t\t<div class=\"elementor-widget-container\">\n\t\t\t\t\t<h3 class=\"elementor-heading-title elementor-size-default\">Die ultimative Packliste f\u00fcr deinen Aktivurlaub<\/h3>\t\t\t\t<\/div>\n\t\t\t\t<\/div>\n\t\t\t\t<div class=\"elementor-element elementor-element-d79ed76 elementor-widget elementor-widget-text-editor\" data-id=\"d79ed76\" data-element_type=\"widget\" data-widget_type=\"text-editor.default\">\n\t\t\t\t<div class=\"elementor-widget-container\">\n\t\t\t\t\t\t\t\t\t<p>Egal ob Berge oder Meer \u2013 diese Ausr\u00fcstung bildet dein Fundament.<\/p><p><strong>1. Die Basis (Immer dabei)<\/strong><\/p><ul><li>Funktionskleidung: Atmungsaktive Shirts (Merino oder Kunstfaser \u2013&gt; trocknet schnell).<\/li><li>Zwiebelprinzip: Leichte Fleecejacke oder Softshell f\u00fcr k\u00fchle Abende\/H\u00f6henmeter.<\/li><li>Regenschutz: Hochwertige Regenjacke (Hardshell) und ggf. Regenh\u00fclle f\u00fcr den Rucksack.<\/li><li>Kopfbedeckung: Cap oder leichtes Tuch (Buff) gegen Sonne und Wind.<\/li><li>Schuhwerk: Eingelaufene Wanderschuhe oder Trailrunning-Schuhe (je nach Terrain).<\/li><li>Sonnenschutz: Sonnencreme (LSF 30+), Lippenpflege mit UV-Schutz, Sonnenbrille (polarisiert).<\/li><\/ul><p>\u00a0<\/p><p><strong>2. Technik &amp; Orientierung<\/strong><\/p><ul><li>Powerbank: Damit das Smartphone f\u00fcr Notrufe und Navigation immer Saft hat.<\/li><li>Offline-Karten: Kartenmaterial vorab herunterladen (z. B. Komoot oder Google Maps).<\/li><li>Sportuhr\/GPS: Falls du deine Fortschritte tracken m\u00f6chtest.<\/li><li>Adapter: Je nach Reiseland (z. B. Schweiz oder UK).<\/li><\/ul><p>\u00a0<\/p><p><strong>3. Verpflegung &amp; Gesundheit<\/strong><\/p><ul><li>Trinksystem: Eine robuste Trinkflasche (mind. 1,5L) oder eine Trinkblase f\u00fcr den Rucksack.<\/li><li>Erste-Hilfe-Set: Blasenpflaster (\u00fcberlebenswichtig!), Desinfektionsspray, Tape, Schmerzmittel.<\/li><li>Snacks: Energieriegel, N\u00fcsse oder Traubenzucker f\u00fcr das \u201eHungerast\u201c-Management.<\/li><\/ul>\t\t\t\t\t\t\t\t<\/div>\n\t\t\t\t<\/div>\n\t\t\t\t<div class=\"elementor-element elementor-element-7165063 elementor-widget elementor-widget-heading\" data-id=\"7165063\" data-element_type=\"widget\" data-widget_type=\"heading.default\">\n\t\t\t\t<div class=\"elementor-widget-container\">\n\t\t\t\t\t<h3 class=\"elementor-heading-title elementor-size-default\">Spezielle Add-ons (Je nach Fokus):<\/h3>\t\t\t\t<\/div>\n\t\t\t\t<\/div>\n\t\t\t\t<div class=\"elementor-element elementor-element-4a7564f elementor-widget elementor-widget-text-editor\" data-id=\"4a7564f\" data-element_type=\"widget\" data-widget_type=\"text-editor.default\">\n\t\t\t\t<div class=\"elementor-widget-container\">\n\t\t\t\t\t\t\t\t\t<p><strong>F\u00fcr Wassersport-Fans (Algarve, Mallorca, \u00c4gypten):<\/strong><\/p><ul><li>Drybag: Wasserdichter Beutel f\u00fcr Wertsachen auf dem SUP oder Kajak.<\/li><li>Lycra\/UV-Shirt: Sch\u00fctzt beim Surfen oder Schnorcheln vor Sonnenbrand und Reibung.<\/li><li>Schnorchelequipment: Maske und Schnorchel (hygienischer als Leihequipment).<br \/>Microfaser-Handtuch: Klein, leicht und extrem schnelltrocknend.<\/li><\/ul><p>\u00a0<\/p><p><strong>F\u00fcr Wander- &amp; Bergfreunde (\u00d6sterreich, Schweiz, S\u00fcdtirol):<\/strong><\/p><ul><li>Wanderst\u00f6cke: Entlasten die Knie beim Abstieg enorm.<\/li><li>Sitzkissen: Kleines, faltbares Isokissen f\u00fcr die Pause am Gipfel.<\/li><li>Stirnlampe: Falls die Tour doch mal l\u00e4nger dauert als geplant.<\/li><\/ul><p>\u00a0<\/p><p><strong>F\u00fcr Familien:<\/strong><\/p><ul><li>Kindertrage (Kraxe): Falls die Kleinen noch nicht die ganze Strecke schaffen.<\/li><li>Reisespiele: Kompakte Kartenspiele f\u00fcr die Pausen oder Abende in der H\u00fctte.<\/li><li>Identifikationsarmband: F\u00fcr Kinder mit deiner Handynummer (besonders an belebten Spots).<\/li><\/ul><p>\u00a0<\/p><p><strong>Profi-Tipp f\u00fcr das Handgep\u00e4ck:<\/strong><\/p><p>Trage deine Wanderschuhe im Flugzeug oder packe sie ins Handgep\u00e4ck. Kleidung kann man vor Ort nachkaufen oder leihen, aber ein eingelaufener Wanderschuh, der perfekt sitzt, ist bei Verlust des Koffers unersetzlich und w\u00fcrde dein Abenteuer sofort ruinieren.<\/p>\t\t\t\t\t\t\t\t<\/div>\n\t\t\t\t<\/div>\n\t\t\t\t<\/div>\n\t\t\t\t<\/div>\n\t\t","protected":false},"excerpt":{"rendered":"<p>Abenteuerurlaub &amp; Aktivurlaub: Finde dein Abenteuer \u2013 einfach und sicher Meer oder Berge? Wellen jagen oder H\u00f6henmeter sammeln? Die Entscheidung f\u00fcr den n\u00e4chsten Aktivurlaub f\u00e4llt oft schwer, wenn man mehr will, als nur am Pool zu liegen. Dieser Guide zeigt dir, was wirklich zu dir passt \u2013 mit einem klaren Plan und viel Bauchgef\u00fchl. Was [&hellip;]<\/p>\n","protected":false},"author":21,"featured_media":10259,"comment_status":"open","ping_status":"closed","sticky":false,"template":"","format":"standard","meta":{"_acf_changed":false,"footnotes":""},"categories":[21,30],"tags":[],"class_list":["post-10212","post","type-post","status-publish","format-standard","has-post-thumbnail","hentry","category-inspiration","category-reisetrends"],"acf":[],"yoast_head":"<!-- This site is optimized with the Yoast SEO Premium plugin v28.3 (Yoast SEO v28.3) - https:\/\/yoast.com\/product\/yoast-seo-premium-wordpress\/ -->\n<title>Abenteuer- &amp; Aktivurlaub: Finde das Erlebnis, das perfekt zu dir passt! - ltur Reiseblog<\/title>\n<meta name=\"description\" content=\"Langeweile im Urlaub? Nicht bei uns! Aktivurlaub ist der neue Trend. Welcher Urlaub der richtige f\u00fcr dich ist, erf\u00e4hrst du hier.\" \/>\n<meta name=\"robots\" content=\"index, follow, max-snippet:-1, max-image-preview:large, max-video-preview:-1\" \/>\n<link rel=\"canonical\" href=\"https:\/\/www.ltur.com\/de\/blog\/abenteuer-aktivurlaub-finde-das-erlebnis-das-perfekt-zu-dir-passt\/\" \/>\n<meta property=\"og:locale\" content=\"de_DE\" \/>\n<meta property=\"og:type\" content=\"article\" \/>\n<meta property=\"og:title\" content=\"Abenteuer- &amp; Aktivurlaub: Finde das Erlebnis, das perfekt zu dir passt!\" \/>\n<meta property=\"og:description\" content=\"Langeweile im Urlaub? Nicht bei uns! Aktivurlaub ist der neue Trend. Welcher Urlaub der richtige f\u00fcr dich ist, erf\u00e4hrst du hier.\" \/>\n<meta property=\"og:url\" content=\"https:\/\/www.ltur.com\/de\/blog\/abenteuer-aktivurlaub-finde-das-erlebnis-das-perfekt-zu-dir-passt\/\" \/>\n<meta property=\"og:site_name\" content=\"ltur Reiseblog\" \/>\n<meta property=\"article:published_time\" content=\"2026-08-26T12:34:52+00:00\" \/>\n<meta property=\"article:modified_time\" content=\"2026-09-01T06:42:12+00:00\" \/>\n<meta property=\"og:image\" content=\"https:\/\/www.ltur.com\/de\/blog\/wp-content\/uploads\/2026\/08\/Blog-Header-15.png\" \/>\n\t<meta property=\"og:image:width\" content=\"1600\" \/>\n\t<meta property=\"og:image:height\" content=\"550\" \/>\n\t<meta property=\"og:image:type\" content=\"image\/png\" \/>\n<meta name=\"author\" content=\"Gastautor\" \/>\n<meta name=\"twitter:card\" content=\"summary_large_image\" \/>\n<meta name=\"twitter:label1\" content=\"Verfasst von\" \/>\n\t<meta name=\"twitter:data1\" content=\"Gastautor\" \/>\n\t<meta name=\"twitter:label2\" content=\"Gesch\u00e4tzte Lesezeit\" \/>\n\t<meta name=\"twitter:data2\" content=\"14\u00a0Minuten\" \/>\n<script type=\"application\/ld+json\" class=\"yoast-schema-graph\">{\"@context\":\"https:\\\/\\\/schema.org\",\"@graph\":[{\"@type\":\"Article\",\"@id\":\"https:\\\/\\\/www.ltur.com\\\/de\\\/blog\\\/abenteuer-aktivurlaub-finde-das-erlebnis-das-perfekt-zu-dir-passt\\\/#article\",\"isPartOf\":{\"@id\":\"https:\\\/\\\/www.ltur.com\\\/de\\\/blog\\\/abenteuer-aktivurlaub-finde-das-erlebnis-das-perfekt-zu-dir-passt\\\/\"},\"author\":{\"name\":\"Gastautor\",\"@id\":\"https:\\\/\\\/www.ltur.com\\\/de\\\/blog\\\/#\\\/schema\\\/person\\\/61b34a6f09e8b0351adc6aa23de8b699\"},\"headline\":\"Abenteuer- &amp; Aktivurlaub: Finde das Erlebnis, das perfekt zu dir passt!\",\"datePublished\":\"2026-08-26T12:34:52+00:00\",\"dateModified\":\"2026-09-01T06:42:12+00:00\",\"mainEntityOfPage\":{\"@id\":\"https:\\\/\\\/www.ltur.com\\\/de\\\/blog\\\/abenteuer-aktivurlaub-finde-das-erlebnis-das-perfekt-zu-dir-passt\\\/\"},\"wordCount\":2392,\"commentCount\":0,\"publisher\":{\"@id\":\"https:\\\/\\\/www.ltur.com\\\/de\\\/blog\\\/#organization\"},\"image\":{\"@id\":\"https:\\\/\\\/www.ltur.com\\\/de\\\/blog\\\/abenteuer-aktivurlaub-finde-das-erlebnis-das-perfekt-zu-dir-passt\\\/#primaryimage\"},\"thumbnailUrl\":\"https:\\\/\\\/www.ltur.com\\\/de\\\/blog\\\/wp-content\\\/uploads\\\/2026\\\/08\\\/Blog-Header-15.png\",\"articleSection\":[\"Inspiration\",\"Reisetrends\"],\"inLanguage\":\"de\",\"potentialAction\":[{\"@type\":\"CommentAction\",\"name\":\"Comment\",\"target\":[\"https:\\\/\\\/www.ltur.com\\\/de\\\/blog\\\/abenteuer-aktivurlaub-finde-das-erlebnis-das-perfekt-zu-dir-passt\\\/#respond\"]}]},{\"@type\":\"WebPage\",\"@id\":\"https:\\\/\\\/www.ltur.com\\\/de\\\/blog\\\/abenteuer-aktivurlaub-finde-das-erlebnis-das-perfekt-zu-dir-passt\\\/\",\"url\":\"https:\\\/\\\/www.ltur.com\\\/de\\\/blog\\\/abenteuer-aktivurlaub-finde-das-erlebnis-das-perfekt-zu-dir-passt\\\/\",\"name\":\"Abenteuer- &amp; Aktivurlaub: Finde das Erlebnis, das perfekt zu dir passt! - ltur Reiseblog\",\"isPartOf\":{\"@id\":\"https:\\\/\\\/www.ltur.com\\\/de\\\/blog\\\/#website\"},\"primaryImageOfPage\":{\"@id\":\"https:\\\/\\\/www.ltur.com\\\/de\\\/blog\\\/abenteuer-aktivurlaub-finde-das-erlebnis-das-perfekt-zu-dir-passt\\\/#primaryimage\"},\"image\":{\"@id\":\"https:\\\/\\\/www.ltur.com\\\/de\\\/blog\\\/abenteuer-aktivurlaub-finde-das-erlebnis-das-perfekt-zu-dir-passt\\\/#primaryimage\"},\"thumbnailUrl\":\"https:\\\/\\\/www.ltur.com\\\/de\\\/blog\\\/wp-content\\\/uploads\\\/2026\\\/08\\\/Blog-Header-15.png\",\"datePublished\":\"2026-08-26T12:34:52+00:00\",\"dateModified\":\"2026-09-01T06:42:12+00:00\",\"description\":\"Langeweile im Urlaub? Nicht bei uns! Aktivurlaub ist der neue Trend. Welcher Urlaub der richtige f\u00fcr dich ist, erf\u00e4hrst du hier.\",\"breadcrumb\":{\"@id\":\"https:\\\/\\\/www.ltur.com\\\/de\\\/blog\\\/abenteuer-aktivurlaub-finde-das-erlebnis-das-perfekt-zu-dir-passt\\\/#breadcrumb\"},\"inLanguage\":\"de\",\"potentialAction\":[{\"@type\":\"ReadAction\",\"target\":[\"https:\\\/\\\/www.ltur.com\\\/de\\\/blog\\\/abenteuer-aktivurlaub-finde-das-erlebnis-das-perfekt-zu-dir-passt\\\/\"]}]},{\"@type\":\"ImageObject\",\"inLanguage\":\"de\",\"@id\":\"https:\\\/\\\/www.ltur.com\\\/de\\\/blog\\\/abenteuer-aktivurlaub-finde-das-erlebnis-das-perfekt-zu-dir-passt\\\/#primaryimage\",\"url\":\"https:\\\/\\\/www.ltur.com\\\/de\\\/blog\\\/wp-content\\\/uploads\\\/2026\\\/08\\\/Blog-Header-15.png\",\"contentUrl\":\"https:\\\/\\\/www.ltur.com\\\/de\\\/blog\\\/wp-content\\\/uploads\\\/2026\\\/08\\\/Blog-Header-15.png\",\"width\":1600,\"height\":550,\"caption\":\"K\u00fcste von Madeira mit Meer, Strand und Bergen\"},{\"@type\":\"BreadcrumbList\",\"@id\":\"https:\\\/\\\/www.ltur.com\\\/de\\\/blog\\\/abenteuer-aktivurlaub-finde-das-erlebnis-das-perfekt-zu-dir-passt\\\/#breadcrumb\",\"itemListElement\":[{\"@type\":\"ListItem\",\"position\":1,\"name\":\"Startseite\",\"item\":\"https:\\\/\\\/www.ltur.com\\\/de\\\/blog\\\/\"},{\"@type\":\"ListItem\",\"position\":2,\"name\":\"Abenteuer- &amp; Aktivurlaub: Finde das Erlebnis, das perfekt zu dir passt!\"}]},{\"@type\":\"WebSite\",\"@id\":\"https:\\\/\\\/www.ltur.com\\\/de\\\/blog\\\/#website\",\"url\":\"https:\\\/\\\/www.ltur.com\\\/de\\\/blog\\\/\",\"name\":\"ltur Reiseblog\",\"description\":\"Reisetipps und Inspiration\",\"publisher\":{\"@id\":\"https:\\\/\\\/www.ltur.com\\\/de\\\/blog\\\/#organization\"},\"alternateName\":\"l'tur Blog\",\"potentialAction\":[{\"@type\":\"SearchAction\",\"target\":{\"@type\":\"EntryPoint\",\"urlTemplate\":\"https:\\\/\\\/www.ltur.com\\\/de\\\/blog\\\/?s={search_term_string}\"},\"query-input\":{\"@type\":\"PropertyValueSpecification\",\"valueRequired\":true,\"valueName\":\"search_term_string\"}}],\"inLanguage\":\"de\"},{\"@type\":\"Organization\",\"@id\":\"https:\\\/\\\/www.ltur.com\\\/de\\\/blog\\\/#organization\",\"name\":\"ltur Reiseblog\",\"url\":\"https:\\\/\\\/www.ltur.com\\\/de\\\/blog\\\/\",\"logo\":{\"@type\":\"ImageObject\",\"inLanguage\":\"de\",\"@id\":\"https:\\\/\\\/www.ltur.com\\\/de\\\/blog\\\/#\\\/schema\\\/logo\\\/image\\\/\",\"url\":\"https:\\\/\\\/www.ltur.com\\\/de\\\/blog\\\/wp-content\\\/uploads\\\/2024\\\/04\\\/ltur_logo_white.svg\",\"contentUrl\":\"https:\\\/\\\/www.ltur.com\\\/de\\\/blog\\\/wp-content\\\/uploads\\\/2024\\\/04\\\/ltur_logo_white.svg\",\"caption\":\"ltur Reiseblog\"},\"image\":{\"@id\":\"https:\\\/\\\/www.ltur.com\\\/de\\\/blog\\\/#\\\/schema\\\/logo\\\/image\\\/\"}},{\"@type\":\"Person\",\"@id\":\"https:\\\/\\\/www.ltur.com\\\/de\\\/blog\\\/#\\\/schema\\\/person\\\/61b34a6f09e8b0351adc6aa23de8b699\",\"name\":\"Gastautor\",\"image\":{\"@type\":\"ImageObject\",\"inLanguage\":\"de\",\"@id\":\"https:\\\/\\\/secure.gravatar.com\\\/avatar\\\/df14ae3d145a2031ff49cca97520ff1c7ea2ecdc63911dfb254d2b17ebe38964?s=96&d=mm&r=g\",\"url\":\"https:\\\/\\\/secure.gravatar.com\\\/avatar\\\/df14ae3d145a2031ff49cca97520ff1c7ea2ecdc63911dfb254d2b17ebe38964?s=96&d=mm&r=g\",\"contentUrl\":\"https:\\\/\\\/secure.gravatar.com\\\/avatar\\\/df14ae3d145a2031ff49cca97520ff1c7ea2ecdc63911dfb254d2b17ebe38964?s=96&d=mm&r=g\",\"caption\":\"Gastautor\"},\"url\":\"https:\\\/\\\/www.ltur.com\\\/de\\\/blog\\\/author\\\/gastautor\\\/\"}]}<\/script>\n<!-- \/ Yoast SEO Premium plugin. -->","yoast_head_json":{"title":"Abenteuer- &amp; Aktivurlaub: Finde das Erlebnis, das perfekt zu dir passt! - ltur Reiseblog","description":"Langeweile im Urlaub? Nicht bei uns! Aktivurlaub ist der neue Trend. Welcher Urlaub der richtige f\u00fcr dich ist, erf\u00e4hrst du hier.","robots":{"index":"index","follow":"follow","max-snippet":"max-snippet:-1","max-image-preview":"max-image-preview:large","max-video-preview":"max-video-preview:-1"},"canonical":"https:\/\/www.ltur.com\/de\/blog\/abenteuer-aktivurlaub-finde-das-erlebnis-das-perfekt-zu-dir-passt\/","og_locale":"de_DE","og_type":"article","og_title":"Abenteuer- &amp; Aktivurlaub: Finde das Erlebnis, das perfekt zu dir passt!","og_description":"Langeweile im Urlaub? Nicht bei uns! Aktivurlaub ist der neue Trend. Welcher Urlaub der richtige f\u00fcr dich ist, erf\u00e4hrst du hier.","og_url":"https:\/\/www.ltur.com\/de\/blog\/abenteuer-aktivurlaub-finde-das-erlebnis-das-perfekt-zu-dir-passt\/","og_site_name":"ltur Reiseblog","article_published_time":"2026-08-26T12:34:52+00:00","article_modified_time":"2026-09-01T06:42:12+00:00","og_image":[{"width":1600,"height":550,"url":"https:\/\/www.ltur.com\/de\/blog\/wp-content\/uploads\/2026\/08\/Blog-Header-15.png","type":"image\/png"}],"author":"Gastautor","twitter_card":"summary_large_image","twitter_misc":{"Verfasst von":"Gastautor","Gesch\u00e4tzte Lesezeit":"14\u00a0Minuten"},"schema":{"@context":"https:\/\/schema.org","@graph":[{"@type":"Article","@id":"https:\/\/www.ltur.com\/de\/blog\/abenteuer-aktivurlaub-finde-das-erlebnis-das-perfekt-zu-dir-passt\/#article","isPartOf":{"@id":"https:\/\/www.ltur.com\/de\/blog\/abenteuer-aktivurlaub-finde-das-erlebnis-das-perfekt-zu-dir-passt\/"},"author":{"name":"Gastautor","@id":"https:\/\/www.ltur.com\/de\/blog\/#\/schema\/person\/61b34a6f09e8b0351adc6aa23de8b699"},"headline":"Abenteuer- &amp; Aktivurlaub: Finde das Erlebnis, das perfekt zu dir passt!","datePublished":"2026-08-26T12:34:52+00:00","dateModified":"2026-09-01T06:42:12+00:00","mainEntityOfPage":{"@id":"https:\/\/www.ltur.com\/de\/blog\/abenteuer-aktivurlaub-finde-das-erlebnis-das-perfekt-zu-dir-passt\/"},"wordCount":2392,"commentCount":0,"publisher":{"@id":"https:\/\/www.ltur.com\/de\/blog\/#organization"},"image":{"@id":"https:\/\/www.ltur.com\/de\/blog\/abenteuer-aktivurlaub-finde-das-erlebnis-das-perfekt-zu-dir-passt\/#primaryimage"},"thumbnailUrl":"https:\/\/www.ltur.com\/de\/blog\/wp-content\/uploads\/2026\/08\/Blog-Header-15.png","articleSection":["Inspiration","Reisetrends"],"inLanguage":"de","potentialAction":[{"@type":"CommentAction","name":"Comment","target":["https:\/\/www.ltur.com\/de\/blog\/abenteuer-aktivurlaub-finde-das-erlebnis-das-perfekt-zu-dir-passt\/#respond"]}]},{"@type":"WebPage","@id":"https:\/\/www.ltur.com\/de\/blog\/abenteuer-aktivurlaub-finde-das-erlebnis-das-perfekt-zu-dir-passt\/","url":"https:\/\/www.ltur.com\/de\/blog\/abenteuer-aktivurlaub-finde-das-erlebnis-das-perfekt-zu-dir-passt\/","name":"Abenteuer- &amp; Aktivurlaub: Finde das Erlebnis, das perfekt zu dir passt! - ltur Reiseblog","isPartOf":{"@id":"https:\/\/www.ltur.com\/de\/blog\/#website"},"primaryImageOfPage":{"@id":"https:\/\/www.ltur.com\/de\/blog\/abenteuer-aktivurlaub-finde-das-erlebnis-das-perfekt-zu-dir-passt\/#primaryimage"},"image":{"@id":"https:\/\/www.ltur.com\/de\/blog\/abenteuer-aktivurlaub-finde-das-erlebnis-das-perfekt-zu-dir-passt\/#primaryimage"},"thumbnailUrl":"https:\/\/www.ltur.com\/de\/blog\/wp-content\/uploads\/2026\/08\/Blog-Header-15.png","datePublished":"2026-08-26T12:34:52+00:00","dateModified":"2026-09-01T06:42:12+00:00","description":"Langeweile im Urlaub? Nicht bei uns! Aktivurlaub ist der neue Trend. Welcher Urlaub der richtige f\u00fcr dich ist, erf\u00e4hrst du hier.","breadcrumb":{"@id":"https:\/\/www.ltur.com\/de\/blog\/abenteuer-aktivurlaub-finde-das-erlebnis-das-perfekt-zu-dir-passt\/#breadcrumb"},"inLanguage":"de","potentialAction":[{"@type":"ReadAction","target":["https:\/\/www.ltur.com\/de\/blog\/abenteuer-aktivurlaub-finde-das-erlebnis-das-perfekt-zu-dir-passt\/"]}]},{"@type":"ImageObject","inLanguage":"de","@id":"https:\/\/www.ltur.com\/de\/blog\/abenteuer-aktivurlaub-finde-das-erlebnis-das-perfekt-zu-dir-passt\/#primaryimage","url":"https:\/\/www.ltur.com\/de\/blog\/wp-content\/uploads\/2026\/08\/Blog-Header-15.png","contentUrl":"https:\/\/www.ltur.com\/de\/blog\/wp-content\/uploads\/2026\/08\/Blog-Header-15.png","width":1600,"height":550,"caption":"K\u00fcste von Madeira mit Meer, Strand und Bergen"},{"@type":"BreadcrumbList","@id":"https:\/\/www.ltur.com\/de\/blog\/abenteuer-aktivurlaub-finde-das-erlebnis-das-perfekt-zu-dir-passt\/#breadcrumb","itemListElement":[{"@type":"ListItem","position":1,"name":"Startseite","item":"https:\/\/www.ltur.com\/de\/blog\/"},{"@type":"ListItem","position":2,"name":"Abenteuer- &amp; Aktivurlaub: Finde das Erlebnis, das perfekt zu dir passt!"}]},{"@type":"WebSite","@id":"https:\/\/www.ltur.com\/de\/blog\/#website","url":"https:\/\/www.ltur.com\/de\/blog\/","name":"ltur Reiseblog","description":"Reisetipps und Inspiration","publisher":{"@id":"https:\/\/www.ltur.com\/de\/blog\/#organization"},"alternateName":"l'tur Blog","potentialAction":[{"@type":"SearchAction","target":{"@type":"EntryPoint","urlTemplate":"https:\/\/www.ltur.com\/de\/blog\/?s={search_term_string}"},"query-input":{"@type":"PropertyValueSpecification","valueRequired":true,"valueName":"search_term_string"}}],"inLanguage":"de"},{"@type":"Organization","@id":"https:\/\/www.ltur.com\/de\/blog\/#organization","name":"ltur Reiseblog","url":"https:\/\/www.ltur.com\/de\/blog\/","logo":{"@type":"ImageObject","inLanguage":"de","@id":"https:\/\/www.ltur.com\/de\/blog\/#\/schema\/logo\/image\/","url":"https:\/\/www.ltur.com\/de\/blog\/wp-content\/uploads\/2024\/04\/ltur_logo_white.svg","contentUrl":"https:\/\/www.ltur.com\/de\/blog\/wp-content\/uploads\/2024\/04\/ltur_logo_white.svg","caption":"ltur Reiseblog"},"image":{"@id":"https:\/\/www.ltur.com\/de\/blog\/#\/schema\/logo\/image\/"}},{"@type":"Person","@id":"https:\/\/www.ltur.com\/de\/blog\/#\/schema\/person\/61b34a6f09e8b0351adc6aa23de8b699","name":"Gastautor","image":{"@type":"ImageObject","inLanguage":"de","@id":"https:\/\/secure.gravatar.com\/avatar\/df14ae3d145a2031ff49cca97520ff1c7ea2ecdc63911dfb254d2b17ebe38964?s=96&d=mm&r=g","url":"https:\/\/secure.gravatar.com\/avatar\/df14ae3d145a2031ff49cca97520ff1c7ea2ecdc63911dfb254d2b17ebe38964?s=96&d=mm&r=g","contentUrl":"https:\/\/secure.gravatar.com\/avatar\/df14ae3d145a2031ff49cca97520ff1c7ea2ecdc63911dfb254d2b17ebe38964?s=96&d=mm&r=g","caption":"Gastautor"},"url":"https:\/\/www.ltur.com\/de\/blog\/author\/gastautor\/"}]}},"_links":{"self":[{"href":"https:\/\/www.ltur.com\/de\/blog\/wp-json\/wp\/v2\/posts\/10212","targetHints":{"allow":["GET"]}}],"collection":[{"href":"https:\/\/www.ltur.com\/de\/blog\/wp-json\/wp\/v2\/posts"}],"about":[{"href":"https:\/\/www.ltur.com\/de\/blog\/wp-json\/wp\/v2\/types\/post"}],"author":[{"embeddable":true,"href":"https:\/\/www.ltur.com\/de\/blog\/wp-json\/wp\/v2\/users\/21"}],"replies":[{"embeddable":true,"href":"https:\/\/www.ltur.com\/de\/blog\/wp-json\/wp\/v2\/comments?post=10212"}],"version-history":[{"count":46,"href":"https:\/\/www.ltur.com\/de\/blog\/wp-json\/wp\/v2\/posts\/10212\/revisions"}],"predecessor-version":[{"id":10287,"href":"https:\/\/www.ltur.com\/de\/blog\/wp-json\/wp\/v2\/posts\/10212\/revisions\/10287"}],"wp:featuredmedia":[{"embeddable":true,"href":"https:\/\/www.ltur.com\/de\/blog\/wp-json\/wp\/v2\/media\/10259"}],"wp:attachment":[{"href":"https:\/\/www.ltur.com\/de\/blog\/wp-json\/wp\/v2\/media?parent=10212"}],"wp:term":[{"taxonomy":"category","embeddable":true,"href":"https:\/\/www.ltur.com\/de\/blog\/wp-json\/wp\/v2\/categories?post=10212"},{"taxonomy":"post_tag","embeddable":true,"href":"https:\/\/www.ltur.com\/de\/blog\/wp-json\/wp\/v2\/tags?post=10212"}],"curies":[{"name":"wp","href":"https:\/\/api.w.org\/{rel}","templated":true}]}}